
{"id":41221,"date":"2014-09-02T19:06:10","date_gmt":"2014-09-02T22:06:10","guid":{"rendered":"http:\/\/www.sudoestehoje.com.br\/novoportal\/?p=41221"},"modified":"2014-09-02T19:06:10","modified_gmt":"2014-09-02T22:06:10","slug":"rumor-de-apoio-a-marina-ronda-aecio","status":"publish","type":"post","link":"https:\/\/www.sudoestehoje.com.br\/novoportal\/2014\/09\/02\/rumor-de-apoio-a-marina-ronda-aecio\/","title":{"rendered":"RUMOR DE APOIO A MARINA RONDA A\u00c9CIO"},"content":{"rendered":"<p><a href=\"http:\/\/www.sudoestehoje.com.br\/novoportal\/wp-content\/uploads\/2014\/09\/A\u00c9CIO-E-MARINA.jpg\"><img loading=\"lazy\" decoding=\"async\" class=\"aligncenter size-medium wp-image-41223\" src=\"http:\/\/www.sudoestehoje.com.br\/novoportal\/wp-content\/uploads\/2014\/09\/A\u00c9CIO-E-MARINA-500x178.jpg\" alt=\"A\u00c9CIO E MARINA\" width=\"500\" height=\"178\" srcset=\"https:\/\/www.sudoestehoje.com.br\/novoportal\/wp-content\/uploads\/2014\/09\/A\u00c9CIO-E-MARINA-500x178.jpg 500w, https:\/\/www.sudoestehoje.com.br\/novoportal\/wp-content\/uploads\/2014\/09\/A\u00c9CIO-E-MARINA-700x249.jpg 700w, https:\/\/www.sudoestehoje.com.br\/novoportal\/wp-content\/uploads\/2014\/09\/A\u00c9CIO-E-MARINA.jpg 960w\" sizes=\"auto, (max-width: 500px) 100vw, 500px\" \/><\/a><\/p>\n<p><span style=\"color: #141823;\">Colunista Raymundo Costa, do Valor, diz que ideia de ren\u00fancia seguida do apoio a candidata do PSB, Marina Silva, ronda o presidenci\u00e1vel tucano A\u00e9cio Neves: \u201cEm \u00e1reas afins de sua campanha e do pr\u00f3prio PSDB, esta sa\u00edda \u00e9 vista como a melhor maneira de despachar o PT j\u00e1 no primeiro turno, sem correr o risco de uma eventual virada no segundo turno\u201d; assessor direto de A\u00e9cio disse que isso n\u00e3o teria o menor cabimento e que essa ideia nunca foi colocada em discuss\u00e3o.<\/span><\/p>\n","protected":false},"excerpt":{"rendered":"<p>Colunista Raymundo Costa, do Valor, diz que ideia de ren\u00fancia seguida do apoio a candidata do PSB, Marina Silva, ronda o presidenci\u00e1vel tucano A\u00e9cio Neves: \u201cEm \u00e1reas afins de sua campanha e do pr\u00f3prio PSDB, esta sa\u00edda \u00e9 vista como a melhor maneira de despachar o PT j\u00e1 no primeiro turno, sem correr o risco [&hellip;]<\/p>\n","protected":false},"author":2,"featured_media":0,"comment_status":"open","ping_status":"open","sticky":false,"template":"","format":"standard","meta":{"footnotes":"","_links_to":"","_links_to_target":""},"categories":[1],"tags":[],"class_list":["post-41221","post","type-post","status-publish","format-standard","hentry","category-geral"],"views":1070,"_links":{"self":[{"href":"https:\/\/www.sudoestehoje.com.br\/novoportal\/wp-json\/wp\/v2\/posts\/41221","targetHints":{"allow":["GET"]}}],"collection":[{"href":"https:\/\/www.sudoestehoje.com.br\/novoportal\/wp-json\/wp\/v2\/posts"}],"about":[{"href":"https:\/\/www.sudoestehoje.com.br\/novoportal\/wp-json\/wp\/v2\/types\/post"}],"author":[{"embeddable":true,"href":"https:\/\/www.sudoestehoje.com.br\/novoportal\/wp-json\/wp\/v2\/users\/2"}],"replies":[{"embeddable":true,"href":"https:\/\/www.sudoestehoje.com.br\/novoportal\/wp-json\/wp\/v2\/comments?post=41221"}],"version-history":[{"count":2,"href":"https:\/\/www.sudoestehoje.com.br\/novoportal\/wp-json\/wp\/v2\/posts\/41221\/revisions"}],"predecessor-version":[{"id":41224,"href":"https:\/\/www.sudoestehoje.com.br\/novoportal\/wp-json\/wp\/v2\/posts\/41221\/revisions\/41224"}],"wp:attachment":[{"href":"https:\/\/www.sudoestehoje.com.br\/novoportal\/wp-json\/wp\/v2\/media?parent=41221"}],"wp:term":[{"taxonomy":"category","embeddable":true,"href":"https:\/\/www.sudoestehoje.com.br\/novoportal\/wp-json\/wp\/v2\/categories?post=41221"},{"taxonomy":"post_tag","embeddable":true,"href":"https:\/\/www.sudoestehoje.com.br\/novoportal\/wp-json\/wp\/v2\/tags?post=41221"}],"curies":[{"name":"wp","href":"https:\/\/api.w.org\/{rel}","templated":true}]}}