
{"id":41216,"date":"2014-09-02T18:42:10","date_gmt":"2014-09-02T21:42:10","guid":{"rendered":"http:\/\/www.sudoestehoje.com.br\/novoportal\/?p=41216"},"modified":"2014-09-02T18:43:37","modified_gmt":"2014-09-02T21:43:37","slug":"heraldo-rocha-preocupado-com-pelourinho","status":"publish","type":"post","link":"https:\/\/www.sudoestehoje.com.br\/novoportal\/2014\/09\/02\/heraldo-rocha-preocupado-com-pelourinho\/","title":{"rendered":"HERALDO ROCHA PREOCUPADO COM ESTADO DE ABANDONO DO PELOURINHO"},"content":{"rendered":"<p style=\"color: #525252;\"><a href=\"http:\/\/www.sudoestehoje.com.br\/novoportal\/wp-content\/uploads\/2014\/09\/PELOURINHO.jpg\"><img loading=\"lazy\" decoding=\"async\" class=\"aligncenter size-medium wp-image-41217\" src=\"http:\/\/www.sudoestehoje.com.br\/novoportal\/wp-content\/uploads\/2014\/09\/PELOURINHO-500x333.jpg\" alt=\"PELOURINHO\" width=\"500\" height=\"333\" srcset=\"https:\/\/www.sudoestehoje.com.br\/novoportal\/wp-content\/uploads\/2014\/09\/PELOURINHO-500x333.jpg 500w, https:\/\/www.sudoestehoje.com.br\/novoportal\/wp-content\/uploads\/2014\/09\/PELOURINHO-700x466.jpg 700w, https:\/\/www.sudoestehoje.com.br\/novoportal\/wp-content\/uploads\/2014\/09\/PELOURINHO.jpg 1280w\" sizes=\"auto, (max-width: 500px) 100vw, 500px\" \/><\/a><\/p>\n<p style=\"color: #525252;\">O presidente do DEM Municipal\u00a0<a style=\"color: #21759b;\" title=\"Heraldo Rocha\" href=\"http:\/\/heraldorocha.com.br\/\">Heraldo Rocha<\/a>, que \u00e9 candidato a Deputado Estadual visitou nesta\u00a0<a style=\"color: #21759b;\" title=\"ter\u00e7a-feira\" href=\"http:\/\/heraldorocha.com.br\/agenda\/terca-feira\/\">ter\u00e7a-feira<\/a>\u00a0(2\/09), pela manh\u00e3, o Centro Hist\u00f3rico e saiu estarrecido como tudo que viu e ouviu dos empres\u00e1rios propriet\u00e1rios de hot\u00e9is, bares e restaurantes do Pelourinho.<\/p>\n<p style=\"color: #525252;\">Heraldo Rocha se reuniu com dezenas de empres\u00e1rios liderados por David Costa, presidente do Conselho Comunit\u00e1rio Social e Seguran\u00e7a do Centro Hist\u00f3rico. O encontro foi agendado durante a reuni\u00e3o que aconteceu na semana passada na ABIH com Paulo Souto.<\/p>\n<p style=\"color: #525252;\">Al\u00e9m de verificar in loco a situa\u00e7\u00e3o degradante que a regi\u00e3o se encontra, Heraldo Rocha ouviu muitas queixas, principalmente com rela\u00e7\u00e3o \u00e0 seguran\u00e7a p\u00fablica, viol\u00eancia, criminalidade e tr\u00e1fico de drogas em todo o Centro Antigo.<\/p>\n<p style=\"color: #525252;\">\u201cMais de 200 estabelecimentos foram fechados nos \u00faltimos meses e os empres\u00e1rios est\u00e3o em busca de uma solu\u00e7\u00e3o. Anotei as reivindica\u00e7\u00f5es e vou lev\u00e1-las para Paulo Souto porque s\u00e3o medidas urgentes que precisam ser tomadas\u201d.<!--more--><\/p>\n<p style=\"color: #525252;\">Heraldo confessou que realmente ficou assustado com o abandono que se encontra uma \u00e1rea t\u00e3o importante da cidade. \u201cSer\u00e1 que o Governo do PT deixou o Centro Hist\u00f3rico se acabar porque foi revitalizado pelo ent\u00e3o Governador Antonio Carlos Magalh\u00e3es. Isso \u00e9 um crime e prejudica bastante o turismo em nossa Capital\u201d.<\/p>\n<p style=\"color: #525252;\">O democrata afirmou ainda que quando foi secret\u00e1rio do Trabalho teve participa\u00e7\u00e3o importante tamb\u00e9m na revitaliza\u00e7\u00e3o do Centro, pois criou ali o Projeto A\u00e7\u00e3o Crian\u00e7a, Programa de M\u00e3o de Obra, al\u00e9m de instalar uma loja do Instituto Mau\u00e1.<\/p>\n<p style=\"color: #525252;\">Heraldo disse tamb\u00e9m que \u201co tr\u00e1fico de drogas \u00e9 vis\u00edvel qualquer hora do dia e o pior a pouca pol\u00edcia que existe por ali n\u00e3o faz nada, apenas impede que o turista tenha acesso \u00e0s ruas do Pelourinho de carro\u201d.<\/p>\n<p style=\"color: #525252;\">A regi\u00e3o possui o maior polo hoteleiro da cidade e os empres\u00e1rios cobram mais seguran\u00e7a p\u00fablica para acabar de vez com o tr\u00e1fico de drogas, assaltos e criminalidade. Al\u00e9m disso, querem a constru\u00e7\u00e3o de um Centro Social Esportivo para tentar recuperar as crian\u00e7as daquela \u00e1rea que terminam recrutadas pelos traficantes. O Caps da regi\u00e3o s\u00f3 funciona das 9 \u00e0s 15 horas, quando deveria funcionar 24 horas 365 dias do ano.<\/p>\n","protected":false},"excerpt":{"rendered":"<p>O presidente do DEM Municipal\u00a0Heraldo Rocha, que \u00e9 candidato a Deputado Estadual visitou nesta\u00a0ter\u00e7a-feira\u00a0(2\/09), pela manh\u00e3, o Centro Hist\u00f3rico e saiu estarrecido como tudo que viu e ouviu dos empres\u00e1rios propriet\u00e1rios de hot\u00e9is, bares e restaurantes do Pelourinho. Heraldo Rocha se reuniu com dezenas de empres\u00e1rios liderados por David Costa, presidente do Conselho Comunit\u00e1rio Social [&hellip;]<\/p>\n","protected":false},"author":2,"featured_media":0,"comment_status":"open","ping_status":"open","sticky":false,"template":"","format":"standard","meta":{"footnotes":"","_links_to":"","_links_to_target":""},"categories":[1],"tags":[],"class_list":["post-41216","post","type-post","status-publish","format-standard","hentry","category-geral"],"views":3699,"_links":{"self":[{"href":"https:\/\/www.sudoestehoje.com.br\/novoportal\/wp-json\/wp\/v2\/posts\/41216","targetHints":{"allow":["GET"]}}],"collection":[{"href":"https:\/\/www.sudoestehoje.com.br\/novoportal\/wp-json\/wp\/v2\/posts"}],"about":[{"href":"https:\/\/www.sudoestehoje.com.br\/novoportal\/wp-json\/wp\/v2\/types\/post"}],"author":[{"embeddable":true,"href":"https:\/\/www.sudoestehoje.com.br\/novoportal\/wp-json\/wp\/v2\/users\/2"}],"replies":[{"embeddable":true,"href":"https:\/\/www.sudoestehoje.com.br\/novoportal\/wp-json\/wp\/v2\/comments?post=41216"}],"version-history":[{"count":3,"href":"https:\/\/www.sudoestehoje.com.br\/novoportal\/wp-json\/wp\/v2\/posts\/41216\/revisions"}],"predecessor-version":[{"id":41220,"href":"https:\/\/www.sudoestehoje.com.br\/novoportal\/wp-json\/wp\/v2\/posts\/41216\/revisions\/41220"}],"wp:attachment":[{"href":"https:\/\/www.sudoestehoje.com.br\/novoportal\/wp-json\/wp\/v2\/media?parent=41216"}],"wp:term":[{"taxonomy":"category","embeddable":true,"href":"https:\/\/www.sudoestehoje.com.br\/novoportal\/wp-json\/wp\/v2\/categories?post=41216"},{"taxonomy":"post_tag","embeddable":true,"href":"https:\/\/www.sudoestehoje.com.br\/novoportal\/wp-json\/wp\/v2\/tags?post=41216"}],"curies":[{"name":"wp","href":"https:\/\/api.w.org\/{rel}","templated":true}]}}