
{"id":41213,"date":"2014-09-02T18:04:28","date_gmt":"2014-09-02T21:04:28","guid":{"rendered":"http:\/\/www.sudoestehoje.com.br\/novoportal\/?p=41213"},"modified":"2014-09-02T18:04:28","modified_gmt":"2014-09-02T21:04:28","slug":"vereador-renan-faz-campanha-em-bandeira-para-davidson-e-fabricio","status":"publish","type":"post","link":"https:\/\/www.sudoestehoje.com.br\/novoportal\/2014\/09\/02\/vereador-renan-faz-campanha-em-bandeira-para-davidson-e-fabricio\/","title":{"rendered":"VEREADOR RENAN FAZ CAMPANHA EM BANDEIRA PARA DAVIDSON E FABR\u00cdCIO"},"content":{"rendered":"<div id=\"attachment_41214\" style=\"width: 510px\" class=\"wp-caption aligncenter\"><a href=\"http:\/\/www.sudoestehoje.com.br\/novoportal\/wp-content\/uploads\/2014\/09\/renan-vereador.jpg\"><img loading=\"lazy\" decoding=\"async\" aria-describedby=\"caption-attachment-41214\" class=\"size-full wp-image-41214\" src=\"http:\/\/www.sudoestehoje.com.br\/novoportal\/wp-content\/uploads\/2014\/09\/renan-vereador.jpg\" alt=\"Foto C\u00e9sar Soares\/Tribuna\" width=\"500\" height=\"375\" \/><\/a><p id=\"caption-attachment-41214\" class=\"wp-caption-text\">Foto C\u00e9sar Soares\/Tribuna<\/p><\/div>\n<p>O vereador Renan Coelho (PCdoB), esteve reunido com eleitores do distrito de Bandeira do Col\u00f4nia, na \u00faltima sexta-feira, quando prestou conta das indica\u00e7\u00f5es e projetos apresentados para o distrito, e pediu votos para seus candidatos, Fabr\u00edcio Falc\u00e3o, para deputado estadual, e Davidson Magalh\u00e3es, para deputado federal.<\/p>\n<p>Renan lembrou os projetos do Governo Dilma e Wagner, em andamento na cidade, e solicitou apoio para continuar o projeto estadual, com Rui Costa, e nacional, com Dilma. Estavam presentes os dirigentes comunistas Jerry, Adenice e Z\u00e9 Ferreira.<\/p>\n<p>ENCONTRO COM TRABALHADORES RURAIS<\/p>\n<p>Neste domingo, o encontro foi com trabalhadores rurais ligados ao STR de Itapetinga. Os trabalhadores discutiram os projetos de reforma agr\u00e1ria em andamento na regi\u00e3o, e hipotecaram apoio a Fabr\u00edcio Falc\u00e3o, que tem forte trabalho de acompanhamento junto a FETAG-BA, juntamente com Davidson Magalh\u00e3es. Blog do Z\u00e9 Ferreira<\/p>\n","protected":false},"excerpt":{"rendered":"<p>O vereador Renan Coelho (PCdoB), esteve reunido com eleitores do distrito de Bandeira do Col\u00f4nia, na \u00faltima sexta-feira, quando prestou conta das indica\u00e7\u00f5es e projetos apresentados para o distrito, e pediu votos para seus candidatos, Fabr\u00edcio Falc\u00e3o, para deputado estadual, e Davidson Magalh\u00e3es, para deputado federal. Renan lembrou os projetos do Governo Dilma e Wagner, [&hellip;]<\/p>\n","protected":false},"author":2,"featured_media":0,"comment_status":"open","ping_status":"open","sticky":false,"template":"","format":"standard","meta":{"footnotes":"","_links_to":"","_links_to_target":""},"categories":[1],"tags":[],"class_list":["post-41213","post","type-post","status-publish","format-standard","hentry","category-geral"],"views":1162,"_links":{"self":[{"href":"https:\/\/www.sudoestehoje.com.br\/novoportal\/wp-json\/wp\/v2\/posts\/41213","targetHints":{"allow":["GET"]}}],"collection":[{"href":"https:\/\/www.sudoestehoje.com.br\/novoportal\/wp-json\/wp\/v2\/posts"}],"about":[{"href":"https:\/\/www.sudoestehoje.com.br\/novoportal\/wp-json\/wp\/v2\/types\/post"}],"author":[{"embeddable":true,"href":"https:\/\/www.sudoestehoje.com.br\/novoportal\/wp-json\/wp\/v2\/users\/2"}],"replies":[{"embeddable":true,"href":"https:\/\/www.sudoestehoje.com.br\/novoportal\/wp-json\/wp\/v2\/comments?post=41213"}],"version-history":[{"count":1,"href":"https:\/\/www.sudoestehoje.com.br\/novoportal\/wp-json\/wp\/v2\/posts\/41213\/revisions"}],"predecessor-version":[{"id":41215,"href":"https:\/\/www.sudoestehoje.com.br\/novoportal\/wp-json\/wp\/v2\/posts\/41213\/revisions\/41215"}],"wp:attachment":[{"href":"https:\/\/www.sudoestehoje.com.br\/novoportal\/wp-json\/wp\/v2\/media?parent=41213"}],"wp:term":[{"taxonomy":"category","embeddable":true,"href":"https:\/\/www.sudoestehoje.com.br\/novoportal\/wp-json\/wp\/v2\/categories?post=41213"},{"taxonomy":"post_tag","embeddable":true,"href":"https:\/\/www.sudoestehoje.com.br\/novoportal\/wp-json\/wp\/v2\/tags?post=41213"}],"curies":[{"name":"wp","href":"https:\/\/api.w.org\/{rel}","templated":true}]}}