
{"id":41192,"date":"2014-09-02T01:56:52","date_gmt":"2014-09-02T04:56:52","guid":{"rendered":"http:\/\/www.sudoestehoje.com.br\/novoportal\/?p=41192"},"modified":"2014-09-02T01:56:52","modified_gmt":"2014-09-02T04:56:52","slug":"ficha-suja-candidatura-de-maluf-e-barrada-pelo-tre-paulista","status":"publish","type":"post","link":"https:\/\/www.sudoestehoje.com.br\/novoportal\/2014\/09\/02\/ficha-suja-candidatura-de-maluf-e-barrada-pelo-tre-paulista\/","title":{"rendered":"FICHA SUJA: CANDIDATURA DE MALUF \u00c9 BARRADA PELO TRE PAULISTA"},"content":{"rendered":"<p><a href=\"http:\/\/www.sudoestehoje.com.br\/novoportal\/wp-content\/uploads\/2014\/09\/CHARGE-MALUF-002.jpg\"><img loading=\"lazy\" decoding=\"async\" class=\"aligncenter size-full wp-image-41193\" src=\"http:\/\/www.sudoestehoje.com.br\/novoportal\/wp-content\/uploads\/2014\/09\/CHARGE-MALUF-002.jpg\" alt=\"CHARGE-MALUF-002\" width=\"470\" height=\"376\" \/><\/a><\/p>\n<p>O Tribunal Regional Eleitoral de S\u00e3o Paulo (TRE-SP)\u00a0impugnou nesta segunda-feira a candidatura do deputado federal Paulo Maluf (PP), enquadrado na Lei da Ficha Limpa. A corte cassou o registro de Maluf por voto do presidente, o\u00a0desembargador\u00a0Ant\u00f4nio Carlos Mathias Coltro, j\u00e1 que na \u00faltima sess\u00e3o houve\u00a0empate, por tr\u00eas votos a tr\u00eas, entre os demais magistrados. Maluf informou que recorrer\u00e1 ao Tribunal Superior Eleitoral (TSE).<\/p>\n<p>Maluf foi condenado em segunda inst\u00e2ncia, em\u00a0novembro do ano passado, por improbidade administrativa,\u00a0acusado de superfaturamento na constru\u00e7\u00e3o da Avenida Jornalista Roberto Marinho (antiga \u00c1gua Espraiada)\u00a0e do\u00a0T\u00fanel Ayrton Senna quando era prefeito da capital paulista, entre 1993 e 1997. A defesa de Maluf afirma que vai\u00a0recorrer ao Tribunal Superior Eleitoral.<\/p>\n<p>Na condena\u00e7\u00e3o de novembro, o\u00a0Tribunal de Justi\u00e7a de S\u00e3o Paulo tamb\u00e9m determinou que Maluf tivesse os direitos pol\u00edticos suspensos por cinco anos, motivo pelo qual agora foi impugnado. Al\u00e9m disso, o TJ aplicou\u00a0multa de 21 milh\u00f5es de reais ao ex-prefeito. Ele \u00e9 acusado de enviar recursos para o exterior por meio de doleiros.<\/p>\n","protected":false},"excerpt":{"rendered":"<p>O Tribunal Regional Eleitoral de S\u00e3o Paulo (TRE-SP)\u00a0impugnou nesta segunda-feira a candidatura do deputado federal Paulo Maluf (PP), enquadrado na Lei da Ficha Limpa. A corte cassou o registro de Maluf por voto do presidente, o\u00a0desembargador\u00a0Ant\u00f4nio Carlos Mathias Coltro, j\u00e1 que na \u00faltima sess\u00e3o houve\u00a0empate, por tr\u00eas votos a tr\u00eas, entre os demais magistrados. Maluf [&hellip;]<\/p>\n","protected":false},"author":2,"featured_media":0,"comment_status":"open","ping_status":"open","sticky":false,"template":"","format":"standard","meta":{"footnotes":"","_links_to":"","_links_to_target":""},"categories":[1],"tags":[],"class_list":["post-41192","post","type-post","status-publish","format-standard","hentry","category-geral"],"views":3576,"_links":{"self":[{"href":"https:\/\/www.sudoestehoje.com.br\/novoportal\/wp-json\/wp\/v2\/posts\/41192","targetHints":{"allow":["GET"]}}],"collection":[{"href":"https:\/\/www.sudoestehoje.com.br\/novoportal\/wp-json\/wp\/v2\/posts"}],"about":[{"href":"https:\/\/www.sudoestehoje.com.br\/novoportal\/wp-json\/wp\/v2\/types\/post"}],"author":[{"embeddable":true,"href":"https:\/\/www.sudoestehoje.com.br\/novoportal\/wp-json\/wp\/v2\/users\/2"}],"replies":[{"embeddable":true,"href":"https:\/\/www.sudoestehoje.com.br\/novoportal\/wp-json\/wp\/v2\/comments?post=41192"}],"version-history":[{"count":2,"href":"https:\/\/www.sudoestehoje.com.br\/novoportal\/wp-json\/wp\/v2\/posts\/41192\/revisions"}],"predecessor-version":[{"id":41195,"href":"https:\/\/www.sudoestehoje.com.br\/novoportal\/wp-json\/wp\/v2\/posts\/41192\/revisions\/41195"}],"wp:attachment":[{"href":"https:\/\/www.sudoestehoje.com.br\/novoportal\/wp-json\/wp\/v2\/media?parent=41192"}],"wp:term":[{"taxonomy":"category","embeddable":true,"href":"https:\/\/www.sudoestehoje.com.br\/novoportal\/wp-json\/wp\/v2\/categories?post=41192"},{"taxonomy":"post_tag","embeddable":true,"href":"https:\/\/www.sudoestehoje.com.br\/novoportal\/wp-json\/wp\/v2\/tags?post=41192"}],"curies":[{"name":"wp","href":"https:\/\/api.w.org\/{rel}","templated":true}]}}