
{"id":41186,"date":"2014-09-02T00:59:13","date_gmt":"2014-09-02T03:59:13","guid":{"rendered":"http:\/\/www.sudoestehoje.com.br\/novoportal\/?p=41186"},"modified":"2014-09-02T01:05:12","modified_gmt":"2014-09-02T04:05:12","slug":"macarani-ex-prefeito-armando-porto-reafirma-apoio-a-heraldo-rocha","status":"publish","type":"post","link":"https:\/\/www.sudoestehoje.com.br\/novoportal\/2014\/09\/02\/macarani-ex-prefeito-armando-porto-reafirma-apoio-a-heraldo-rocha\/","title":{"rendered":"MACARANI: EX-PREFEITO ARMANDO PORTO REAFIRMA APOIO A HERALDO ROCHA"},"content":{"rendered":"<p><a href=\"http:\/\/www.sudoestehoje.com.br\/novoportal\/wp-content\/uploads\/2014\/09\/ARMANDOPORTO.jpg\"><img loading=\"lazy\" decoding=\"async\" class=\"aligncenter size-medium wp-image-41187\" src=\"http:\/\/www.sudoestehoje.com.br\/novoportal\/wp-content\/uploads\/2014\/09\/ARMANDOPORTO-500x375.jpg\" alt=\"ARMANDO,PORTO\" width=\"500\" height=\"375\" srcset=\"https:\/\/www.sudoestehoje.com.br\/novoportal\/wp-content\/uploads\/2014\/09\/ARMANDOPORTO-500x375.jpg 500w, https:\/\/www.sudoestehoje.com.br\/novoportal\/wp-content\/uploads\/2014\/09\/ARMANDOPORTO-700x525.jpg 700w, https:\/\/www.sudoestehoje.com.br\/novoportal\/wp-content\/uploads\/2014\/09\/ARMANDOPORTO.jpg 960w\" sizes=\"auto, (max-width: 500px) 100vw, 500px\" \/><\/a><\/p>\n<p>O m\u00eas de setembro est\u00e1 come\u00e7ando com v\u00e1rias lideran\u00e7as pol\u00edticas trocando seus candidatos durante o per\u00edodo eleitoral. No \u00faltimo final de semana o ex-prefeito de Macarani, Armando Porto, declarou apoio ao candidato a deputado estadual Heraldo Rocha (DEM).<\/p>\n<p>Armando Porto estava prestes a anunciar apoio ao deputado estadual Rosemberg Pinto (PT), mas prevaleceu a sua grande liga\u00e7\u00e3o com Heraldo Rocha. Por conta disto, na visita dos oposicionistas a Macarani, no \u00faltimo s\u00e1bado, Armando anunciou apoio a Heraldo e at\u00e9 posou para a foto, ao lado do seu candidato e Paulo Souto.<\/p>\n","protected":false},"excerpt":{"rendered":"<p>O m\u00eas de setembro est\u00e1 come\u00e7ando com v\u00e1rias lideran\u00e7as pol\u00edticas trocando seus candidatos durante o per\u00edodo eleitoral. No \u00faltimo final de semana o ex-prefeito de Macarani, Armando Porto, declarou apoio ao candidato a deputado estadual Heraldo Rocha (DEM). Armando Porto estava prestes a anunciar apoio ao deputado estadual Rosemberg Pinto (PT), mas prevaleceu a sua [&hellip;]<\/p>\n","protected":false},"author":2,"featured_media":0,"comment_status":"open","ping_status":"open","sticky":false,"template":"","format":"standard","meta":{"footnotes":"","_links_to":"","_links_to_target":""},"categories":[1],"tags":[],"class_list":["post-41186","post","type-post","status-publish","format-standard","hentry","category-geral"],"views":1416,"_links":{"self":[{"href":"https:\/\/www.sudoestehoje.com.br\/novoportal\/wp-json\/wp\/v2\/posts\/41186","targetHints":{"allow":["GET"]}}],"collection":[{"href":"https:\/\/www.sudoestehoje.com.br\/novoportal\/wp-json\/wp\/v2\/posts"}],"about":[{"href":"https:\/\/www.sudoestehoje.com.br\/novoportal\/wp-json\/wp\/v2\/types\/post"}],"author":[{"embeddable":true,"href":"https:\/\/www.sudoestehoje.com.br\/novoportal\/wp-json\/wp\/v2\/users\/2"}],"replies":[{"embeddable":true,"href":"https:\/\/www.sudoestehoje.com.br\/novoportal\/wp-json\/wp\/v2\/comments?post=41186"}],"version-history":[{"count":4,"href":"https:\/\/www.sudoestehoje.com.br\/novoportal\/wp-json\/wp\/v2\/posts\/41186\/revisions"}],"predecessor-version":[{"id":41191,"href":"https:\/\/www.sudoestehoje.com.br\/novoportal\/wp-json\/wp\/v2\/posts\/41186\/revisions\/41191"}],"wp:attachment":[{"href":"https:\/\/www.sudoestehoje.com.br\/novoportal\/wp-json\/wp\/v2\/media?parent=41186"}],"wp:term":[{"taxonomy":"category","embeddable":true,"href":"https:\/\/www.sudoestehoje.com.br\/novoportal\/wp-json\/wp\/v2\/categories?post=41186"},{"taxonomy":"post_tag","embeddable":true,"href":"https:\/\/www.sudoestehoje.com.br\/novoportal\/wp-json\/wp\/v2\/tags?post=41186"}],"curies":[{"name":"wp","href":"https:\/\/api.w.org\/{rel}","templated":true}]}}