
{"id":41173,"date":"2014-09-01T22:04:39","date_gmt":"2014-09-02T01:04:39","guid":{"rendered":"http:\/\/www.sudoestehoje.com.br\/novoportal\/?p=41173"},"modified":"2014-09-01T22:04:39","modified_gmt":"2014-09-02T01:04:39","slug":"lucio-e-herzem-no-festival-de-inverno","status":"publish","type":"post","link":"https:\/\/www.sudoestehoje.com.br\/novoportal\/2014\/09\/01\/lucio-e-herzem-no-festival-de-inverno\/","title":{"rendered":"L\u00daCIO E HERZEM NO FESTIVAL DE INVERNO"},"content":{"rendered":"<p style=\"color: #000000;\"><a href=\"http:\/\/www.sudoestehoje.com.br\/novoportal\/wp-content\/uploads\/2014\/09\/LUCIO-FEST.jpg\"><img loading=\"lazy\" decoding=\"async\" class=\"aligncenter size-full wp-image-41174\" src=\"http:\/\/www.sudoestehoje.com.br\/novoportal\/wp-content\/uploads\/2014\/09\/LUCIO-FEST.jpg\" alt=\"LUCIO FEST\" width=\"500\" height=\"333\" \/><\/a><\/p>\n<p style=\"color: #000000;\">O candidato a reelei\u00e7\u00e3o para deputado federal, Lucio Vieira Lima (PMDB), visitou Vit\u00f3ria da Conquista neste \u00faltimo domingo (31). Um dos motivos foi para conhecer de perto o Festival de Inverno Bahia, que completou a sua 10\u00aa edi\u00e7\u00e3o.<\/p>\n<p style=\"color: #000000;\">Acompanhado pelo tamb\u00e9m candidato peemidebista Herzem Gusm\u00e3o, que concorre a uma vaga na Assembleia Legislativa, Lucio visitou todas as \u00e1reas do evento e conversou com apoiadores. Sobre a impress\u00e3o da festa, o candidato foi sucinto: \u201ca festa \u00e9 bem grande. Muito bem organizada&#8221;. <em>Resenha Geral<\/em><\/p>\n","protected":false},"excerpt":{"rendered":"<p>O candidato a reelei\u00e7\u00e3o para deputado federal, Lucio Vieira Lima (PMDB), visitou Vit\u00f3ria da Conquista neste \u00faltimo domingo (31). Um dos motivos foi para conhecer de perto o Festival de Inverno Bahia, que completou a sua 10\u00aa edi\u00e7\u00e3o. Acompanhado pelo tamb\u00e9m candidato peemidebista Herzem Gusm\u00e3o, que concorre a uma vaga na Assembleia Legislativa, Lucio visitou [&hellip;]<\/p>\n","protected":false},"author":2,"featured_media":0,"comment_status":"open","ping_status":"open","sticky":false,"template":"","format":"standard","meta":{"footnotes":"","_links_to":"","_links_to_target":""},"categories":[1],"tags":[],"class_list":["post-41173","post","type-post","status-publish","format-standard","hentry","category-geral"],"views":1287,"_links":{"self":[{"href":"https:\/\/www.sudoestehoje.com.br\/novoportal\/wp-json\/wp\/v2\/posts\/41173","targetHints":{"allow":["GET"]}}],"collection":[{"href":"https:\/\/www.sudoestehoje.com.br\/novoportal\/wp-json\/wp\/v2\/posts"}],"about":[{"href":"https:\/\/www.sudoestehoje.com.br\/novoportal\/wp-json\/wp\/v2\/types\/post"}],"author":[{"embeddable":true,"href":"https:\/\/www.sudoestehoje.com.br\/novoportal\/wp-json\/wp\/v2\/users\/2"}],"replies":[{"embeddable":true,"href":"https:\/\/www.sudoestehoje.com.br\/novoportal\/wp-json\/wp\/v2\/comments?post=41173"}],"version-history":[{"count":1,"href":"https:\/\/www.sudoestehoje.com.br\/novoportal\/wp-json\/wp\/v2\/posts\/41173\/revisions"}],"predecessor-version":[{"id":41175,"href":"https:\/\/www.sudoestehoje.com.br\/novoportal\/wp-json\/wp\/v2\/posts\/41173\/revisions\/41175"}],"wp:attachment":[{"href":"https:\/\/www.sudoestehoje.com.br\/novoportal\/wp-json\/wp\/v2\/media?parent=41173"}],"wp:term":[{"taxonomy":"category","embeddable":true,"href":"https:\/\/www.sudoestehoje.com.br\/novoportal\/wp-json\/wp\/v2\/categories?post=41173"},{"taxonomy":"post_tag","embeddable":true,"href":"https:\/\/www.sudoestehoje.com.br\/novoportal\/wp-json\/wp\/v2\/tags?post=41173"}],"curies":[{"name":"wp","href":"https:\/\/api.w.org\/{rel}","templated":true}]}}