
{"id":41169,"date":"2014-09-01T21:40:14","date_gmt":"2014-09-02T00:40:14","guid":{"rendered":"http:\/\/www.sudoestehoje.com.br\/novoportal\/?p=41169"},"modified":"2014-09-01T21:40:14","modified_gmt":"2014-09-02T00:40:14","slug":"marina-deve-ir-a-vitoria-da-conquista-e-brumado-no-sabado","status":"publish","type":"post","link":"https:\/\/www.sudoestehoje.com.br\/novoportal\/2014\/09\/01\/marina-deve-ir-a-vitoria-da-conquista-e-brumado-no-sabado\/","title":{"rendered":"MARINA DEVE IR A VIT\u00d3RIA DA CONQUISTA E BRUMADO NO S\u00c1BADO"},"content":{"rendered":"<div id=\"attachment_41170\" style=\"width: 510px\" class=\"wp-caption aligncenter\"><a href=\"http:\/\/www.sudoestehoje.com.br\/novoportal\/wp-content\/uploads\/2014\/09\/MARINA-EM-CONQUISTA-2010.jpg\"><img loading=\"lazy\" decoding=\"async\" aria-describedby=\"caption-attachment-41170\" class=\"size-medium wp-image-41170\" src=\"http:\/\/www.sudoestehoje.com.br\/novoportal\/wp-content\/uploads\/2014\/09\/MARINA-EM-CONQUISTA-2010-500x374.jpg\" alt=\"Em 2010 Marina Silva realizou grande com\u00edcio em Vit\u00f3ria da Conquista. Fomos l\u00e1 conferir.\" width=\"500\" height=\"374\" srcset=\"https:\/\/www.sudoestehoje.com.br\/novoportal\/wp-content\/uploads\/2014\/09\/MARINA-EM-CONQUISTA-2010-500x374.jpg 500w, https:\/\/www.sudoestehoje.com.br\/novoportal\/wp-content\/uploads\/2014\/09\/MARINA-EM-CONQUISTA-2010.jpg 619w\" sizes=\"auto, (max-width: 500px) 100vw, 500px\" \/><\/a><p id=\"caption-attachment-41170\" class=\"wp-caption-text\">Em 2010 Marina Silva realizou grande com\u00edcio em Vit\u00f3ria da Conquista. O Sudoeste Hoje foi l\u00e1 conferir.<\/p><\/div>\n<p>Depende apenas no aval de Marina Silva (PSB\/ Rede) a confirma\u00e7\u00e3o de uma agenda da candidata \u00e0 Presid\u00eancia da Rep\u00fablica em Brumado e Vit\u00f3ria da Conquista no pr\u00f3ximo s\u00e1bado (6). De acordo com a assessoria da candidata ao governo da Bahia pelo PSB, L\u00eddice da Mata, h\u00e1 uma previs\u00e3o de que Marina participe de um evento de campanha nos dois munic\u00edpios, agenda anteriormente acordada pelo ex-candidato Eduardo Campos. Marina, todavia, ainda n\u00e3o bateu o martelo sobre a visita ao sudoeste baiano, regi\u00e3o do candidato a vice pelo PSB, Eduardo Vasconcellos.<\/p>\n","protected":false},"excerpt":{"rendered":"<p>Depende apenas no aval de Marina Silva (PSB\/ Rede) a confirma\u00e7\u00e3o de uma agenda da candidata \u00e0 Presid\u00eancia da Rep\u00fablica em Brumado e Vit\u00f3ria da Conquista no pr\u00f3ximo s\u00e1bado (6). De acordo com a assessoria da candidata ao governo da Bahia pelo PSB, L\u00eddice da Mata, h\u00e1 uma previs\u00e3o de que Marina participe de um [&hellip;]<\/p>\n","protected":false},"author":2,"featured_media":0,"comment_status":"open","ping_status":"open","sticky":false,"template":"","format":"standard","meta":{"footnotes":"","_links_to":"","_links_to_target":""},"categories":[1],"tags":[],"class_list":["post-41169","post","type-post","status-publish","format-standard","hentry","category-geral"],"views":1436,"_links":{"self":[{"href":"https:\/\/www.sudoestehoje.com.br\/novoportal\/wp-json\/wp\/v2\/posts\/41169","targetHints":{"allow":["GET"]}}],"collection":[{"href":"https:\/\/www.sudoestehoje.com.br\/novoportal\/wp-json\/wp\/v2\/posts"}],"about":[{"href":"https:\/\/www.sudoestehoje.com.br\/novoportal\/wp-json\/wp\/v2\/types\/post"}],"author":[{"embeddable":true,"href":"https:\/\/www.sudoestehoje.com.br\/novoportal\/wp-json\/wp\/v2\/users\/2"}],"replies":[{"embeddable":true,"href":"https:\/\/www.sudoestehoje.com.br\/novoportal\/wp-json\/wp\/v2\/comments?post=41169"}],"version-history":[{"count":2,"href":"https:\/\/www.sudoestehoje.com.br\/novoportal\/wp-json\/wp\/v2\/posts\/41169\/revisions"}],"predecessor-version":[{"id":41172,"href":"https:\/\/www.sudoestehoje.com.br\/novoportal\/wp-json\/wp\/v2\/posts\/41169\/revisions\/41172"}],"wp:attachment":[{"href":"https:\/\/www.sudoestehoje.com.br\/novoportal\/wp-json\/wp\/v2\/media?parent=41169"}],"wp:term":[{"taxonomy":"category","embeddable":true,"href":"https:\/\/www.sudoestehoje.com.br\/novoportal\/wp-json\/wp\/v2\/categories?post=41169"},{"taxonomy":"post_tag","embeddable":true,"href":"https:\/\/www.sudoestehoje.com.br\/novoportal\/wp-json\/wp\/v2\/tags?post=41169"}],"curies":[{"name":"wp","href":"https:\/\/api.w.org\/{rel}","templated":true}]}}