
{"id":41166,"date":"2014-09-01T13:47:29","date_gmt":"2014-09-01T16:47:29","guid":{"rendered":"http:\/\/www.sudoestehoje.com.br\/novoportal\/?p=41166"},"modified":"2014-09-01T13:47:29","modified_gmt":"2014-09-01T16:47:29","slug":"vem-ai-a-nova-pesquisa-datafolha","status":"publish","type":"post","link":"https:\/\/www.sudoestehoje.com.br\/novoportal\/2014\/09\/01\/vem-ai-a-nova-pesquisa-datafolha\/","title":{"rendered":"VEM A\u00cd A NOVA PESQUISA DATAFOLHA"},"content":{"rendered":"<p><a href=\"http:\/\/www.sudoestehoje.com.br\/novoportal\/wp-content\/uploads\/2014\/09\/pesquisa-dilma-marina-aecio.jpg\"><img loading=\"lazy\" decoding=\"async\" class=\"aligncenter size-medium wp-image-41167\" src=\"http:\/\/www.sudoestehoje.com.br\/novoportal\/wp-content\/uploads\/2014\/09\/pesquisa-dilma-marina-aecio-500x269.jpg\" alt=\"pesquisa-dilma-marina-aecio\" width=\"500\" height=\"269\" srcset=\"https:\/\/www.sudoestehoje.com.br\/novoportal\/wp-content\/uploads\/2014\/09\/pesquisa-dilma-marina-aecio-500x269.jpg 500w, https:\/\/www.sudoestehoje.com.br\/novoportal\/wp-content\/uploads\/2014\/09\/pesquisa-dilma-marina-aecio.jpg 650w\" sizes=\"auto, (max-width: 500px) 100vw, 500px\" \/><\/a><\/p>\n<p><span style=\"color: #444444;\">O Instituto Datafolha registrou uma nova pesquisa eleitoral sobre a disputa pela Presid\u00eancia da Rep\u00fablica na \u00faltima sexta-feira (29). A consulta, encomendada pelo jornal Folha de S. Paulo e pela TV Globo, ser\u00e1 realizada entre esta segunda-feira (1\u00ba) e a quarta (3). O levantamento quer apurar tamb\u00e9m o n\u00edvel de aprova\u00e7\u00e3o da gest\u00e3o da presidente Dilma Rousseff (PT), candidata \u00e0 reelei\u00e7\u00e3o. <\/span><\/p>\n<p><span style=\"color: #444444;\">O Datafolha far\u00e1 pesquisas tamb\u00e9m sobre o cen\u00e1rio eleitoral para governo e Senado em seis estados: S\u00e3o Paulo, Minas Gerais, Pernambuco, Rio Grande do Sul, Cear\u00e1 e Distrito Federal. No \u00e2mbito estadual, a coleta dos dados ocorre entre ter\u00e7a (2) e quarta (3), com exce\u00e7\u00e3o do Cear\u00e1, onde acontece nesta segunda (1\u00ba) e ter\u00e7a (2).<\/span><\/p>\n","protected":false},"excerpt":{"rendered":"<p>O Instituto Datafolha registrou uma nova pesquisa eleitoral sobre a disputa pela Presid\u00eancia da Rep\u00fablica na \u00faltima sexta-feira (29). A consulta, encomendada pelo jornal Folha de S. Paulo e pela TV Globo, ser\u00e1 realizada entre esta segunda-feira (1\u00ba) e a quarta (3). O levantamento quer apurar tamb\u00e9m o n\u00edvel de aprova\u00e7\u00e3o da gest\u00e3o da presidente [&hellip;]<\/p>\n","protected":false},"author":2,"featured_media":0,"comment_status":"open","ping_status":"open","sticky":false,"template":"","format":"standard","meta":{"footnotes":"","_links_to":"","_links_to_target":""},"categories":[1],"tags":[],"class_list":["post-41166","post","type-post","status-publish","format-standard","hentry","category-geral"],"views":1272,"_links":{"self":[{"href":"https:\/\/www.sudoestehoje.com.br\/novoportal\/wp-json\/wp\/v2\/posts\/41166","targetHints":{"allow":["GET"]}}],"collection":[{"href":"https:\/\/www.sudoestehoje.com.br\/novoportal\/wp-json\/wp\/v2\/posts"}],"about":[{"href":"https:\/\/www.sudoestehoje.com.br\/novoportal\/wp-json\/wp\/v2\/types\/post"}],"author":[{"embeddable":true,"href":"https:\/\/www.sudoestehoje.com.br\/novoportal\/wp-json\/wp\/v2\/users\/2"}],"replies":[{"embeddable":true,"href":"https:\/\/www.sudoestehoje.com.br\/novoportal\/wp-json\/wp\/v2\/comments?post=41166"}],"version-history":[{"count":1,"href":"https:\/\/www.sudoestehoje.com.br\/novoportal\/wp-json\/wp\/v2\/posts\/41166\/revisions"}],"predecessor-version":[{"id":41168,"href":"https:\/\/www.sudoestehoje.com.br\/novoportal\/wp-json\/wp\/v2\/posts\/41166\/revisions\/41168"}],"wp:attachment":[{"href":"https:\/\/www.sudoestehoje.com.br\/novoportal\/wp-json\/wp\/v2\/media?parent=41166"}],"wp:term":[{"taxonomy":"category","embeddable":true,"href":"https:\/\/www.sudoestehoje.com.br\/novoportal\/wp-json\/wp\/v2\/categories?post=41166"},{"taxonomy":"post_tag","embeddable":true,"href":"https:\/\/www.sudoestehoje.com.br\/novoportal\/wp-json\/wp\/v2\/tags?post=41166"}],"curies":[{"name":"wp","href":"https:\/\/api.w.org\/{rel}","templated":true}]}}