
{"id":41163,"date":"2014-09-01T13:35:21","date_gmt":"2014-09-01T16:35:21","guid":{"rendered":"http:\/\/www.sudoestehoje.com.br\/novoportal\/?p=41163"},"modified":"2014-09-01T13:35:21","modified_gmt":"2014-09-01T16:35:21","slug":"foco-no-poder-9","status":"publish","type":"post","link":"https:\/\/www.sudoestehoje.com.br\/novoportal\/2014\/09\/01\/foco-no-poder-9\/","title":{"rendered":"FOCO NO PODER"},"content":{"rendered":"<p style=\"color: #171512;\"><img loading=\"lazy\" decoding=\"async\" class=\"aligncenter\" src=\"http:\/\/www.blogdodigadiga.com.br\/v1\/wp-content\/uploads\/2014\/08\/foco-no-poder-1-e1408323102169.jpg\" alt=\"-\" width=\"525\" height=\"194\" \/><\/p>\n<p style=\"color: #171512;\"><strong><em>Por Dilvan Coelho<\/em><\/strong><\/p>\n<p style=\"color: #171512;\"><strong>Marina entrou num c\u00edrculo virtuoso<\/strong><\/p>\n<p style=\"color: #171512;\">Os eleitores que n\u00e3o queriam votar em Dilma estavam sem op\u00e7\u00e3o, isso porque os que saiam de Dilma estavam indo para os indecisos, enquanto A\u00e9cio Neves ficava no patamar de 20% e Eduardo Campos n\u00e3o chegava aos dois d\u00edgitos. Com a trag\u00e9dia que vitimou Campos, Marina ocupando seu lugar, ela recebeu de imediato o apoio daqueles 20 milh\u00f5es de brasileiros que votaram nela em 2010, ou seja, 21% dos eleitores, conforme mostrou a pesquisa Datafolha de 18\/8. A segunda pesquisa, dia 29\/8, j\u00e1 apontava Marina com 34%, ela cresceu mais 13%. Na simula\u00e7\u00e3o do segundo turno ela vence Dilma com folga: 50% a 40%.<\/p>\n<p style=\"color: #171512;\"><strong>A economia poder\u00e1 ajudar a derrubar Dilma<\/strong><\/p>\n<p style=\"color: #171512;\">O baixo desempenho da economia brasileira vai acelerar a queda de Dilma e, com isso, Marina Silva poder\u00e1 ganhar a elei\u00e7\u00e3o no primeiro turno. O governo est\u00e1 dizendo que o desempenho da economia mundial e os gastos com a Copa est\u00e3o sendo as principais causas da queda na economia brasileira. O governo de Lula dizia que a crise mundial era apenas uma marola e agora diz que \u00e9 fator determinante. A \u201cperversa\u201d din\u00e2mica em que os maiores problemas de hoje resultam dos projetos de alta popularidade de ontem; o fato de que os segmentos sociais rec\u00e9m-beneficiados com novas pautas de consumo s\u00e3o frustrados pelas defici\u00eancias de infraestrutura, servi\u00e7os b\u00e1sicos de sa\u00fade e educa\u00e7\u00e3o; e a persist\u00eancia da viol\u00eancia, criminalidade e impunidade em altos n\u00edveis.<\/p>\n<p style=\"color: #171512;\"><strong>Quadro sucess\u00f3rio na Bahia<\/strong><\/p>\n<p style=\"color: #171512;\">O crescimento de Marina Silva poder\u00e1 melhorar o desempenho de L\u00eddice da Mata na Bahia. Caso isso venha a acontecer, resta saber quem ir\u00e1 perder votos: Paulo Souto ou Rui Costa? Tudo indica que com a queda de Dilma, ela e Lula n\u00e3o ir\u00e3o conseguir alavancar a candidatura de Rui Costa, que ainda continua no patamar de 15% nas pesquisas, mesmo Dilma tendo uma vota\u00e7\u00e3o expressiva na Bahia e no Nordeste, aonde ela ganha com folga de Marina Silva. Vamos aguardar a pr\u00f3xima pesquisa para ver a tend\u00eancia do eleitorado baiano, se vai continuar fiel a Dilma ou vai em dire\u00e7\u00e3o a Marina Silva<\/p>\n","protected":false},"excerpt":{"rendered":"<p>Por Dilvan Coelho Marina entrou num c\u00edrculo virtuoso Os eleitores que n\u00e3o queriam votar em Dilma estavam sem op\u00e7\u00e3o, isso porque os que saiam de Dilma estavam indo para os indecisos, enquanto A\u00e9cio Neves ficava no patamar de 20% e Eduardo Campos n\u00e3o chegava aos dois d\u00edgitos. Com a trag\u00e9dia que vitimou Campos, Marina ocupando [&hellip;]<\/p>\n","protected":false},"author":2,"featured_media":0,"comment_status":"open","ping_status":"open","sticky":false,"template":"","format":"standard","meta":{"footnotes":"","_links_to":"","_links_to_target":""},"categories":[1],"tags":[],"class_list":["post-41163","post","type-post","status-publish","format-standard","hentry","category-geral"],"views":1192,"_links":{"self":[{"href":"https:\/\/www.sudoestehoje.com.br\/novoportal\/wp-json\/wp\/v2\/posts\/41163","targetHints":{"allow":["GET"]}}],"collection":[{"href":"https:\/\/www.sudoestehoje.com.br\/novoportal\/wp-json\/wp\/v2\/posts"}],"about":[{"href":"https:\/\/www.sudoestehoje.com.br\/novoportal\/wp-json\/wp\/v2\/types\/post"}],"author":[{"embeddable":true,"href":"https:\/\/www.sudoestehoje.com.br\/novoportal\/wp-json\/wp\/v2\/users\/2"}],"replies":[{"embeddable":true,"href":"https:\/\/www.sudoestehoje.com.br\/novoportal\/wp-json\/wp\/v2\/comments?post=41163"}],"version-history":[{"count":2,"href":"https:\/\/www.sudoestehoje.com.br\/novoportal\/wp-json\/wp\/v2\/posts\/41163\/revisions"}],"predecessor-version":[{"id":41165,"href":"https:\/\/www.sudoestehoje.com.br\/novoportal\/wp-json\/wp\/v2\/posts\/41163\/revisions\/41165"}],"wp:attachment":[{"href":"https:\/\/www.sudoestehoje.com.br\/novoportal\/wp-json\/wp\/v2\/media?parent=41163"}],"wp:term":[{"taxonomy":"category","embeddable":true,"href":"https:\/\/www.sudoestehoje.com.br\/novoportal\/wp-json\/wp\/v2\/categories?post=41163"},{"taxonomy":"post_tag","embeddable":true,"href":"https:\/\/www.sudoestehoje.com.br\/novoportal\/wp-json\/wp\/v2\/tags?post=41163"}],"curies":[{"name":"wp","href":"https:\/\/api.w.org\/{rel}","templated":true}]}}