
{"id":4115,"date":"2011-04-02T12:03:34","date_gmt":"2011-04-02T15:03:34","guid":{"rendered":"http:\/\/www.sudoestehoje.com.br\/novoportal\/?p=4115"},"modified":"2011-04-02T12:03:34","modified_gmt":"2011-04-02T15:03:34","slug":"calamidade-publica","status":"publish","type":"post","link":"https:\/\/www.sudoestehoje.com.br\/novoportal\/2011\/04\/02\/calamidade-publica\/","title":{"rendered":"CALAMIDADE P\u00daBLICA"},"content":{"rendered":"<p style=\"text-align: center;\"><a id=\"apf0\" href=\"http:\/\/www.google.com.br\/imgres?imgurl=http:\/\/2.bp.blogspot.com\/--cpINN8gv6c\/TV7cKbbVt0I\/AAAAAAAAB74\/nZjEMBKFbuI\/s1600\/f205034f266f521845bcb331d17159364ac583a1b1626.jpg&amp;imgrefurl=http:\/\/bahiahoje.blogspot.com\/2011\/02\/vereadora-naara-duarte-faz-requerimento.html&amp;usg=__GZixVJOXmTWKYu5zhttfPmvLlmo=&amp;h=336&amp;w=448&amp;sz=27&amp;hl=pt-br&amp;start=1&amp;zoom=1&amp;itbs=1&amp;tbnid=DKxp0GeLXJ5faM:&amp;tbnh=95&amp;tbnw=127&amp;prev=\/images%3Fq%3Dvereadora%2Bnaara%2Bduarte%26hl%3Dpt-br%26sa%3DG%26gbv%3D2%26tbs%3Disch:1&amp;ei=_jmXTauLFYiCgAe_4vTfDw\"><img loading=\"lazy\" decoding=\"async\" id=\"ipfDKxp0GeLXJ5faM:\" class=\"aligncenter\" src=\"http:\/\/t1.gstatic.com\/images?q=tbn:ANd9GcSbQk_DnUmoEtVbxTyv5_3P8kSenhMm4xKij6ojFQWbUr6OML9D5JocY8k\" alt=\"\" width=\"127\" height=\"95\" \/><\/a><\/p>\n<p>A atuante vereadora Naara Duarte (Dem) fez requerimento pedindo ao prefeito que informasse \u00e0 c\u00e2mara os valores das verbas que foram captadas pelo munic\u00edpio, durante o per\u00edodo em que vigorou o &#8216;Estado de Emerg\u00eancia&#8217; (ou calamidade), decretado pelo prefeito um ano atr\u00e1s. A vereadora quer saber\u00a0quantas e quais fam\u00edlias\u00a0foram\u00a0beneficiados com os recursos federais e estaduais que teriam sido destinados ao munic\u00edpio, pois as melhorias habitacionais prometidas n\u00e3o foram sequer iniciadas, at\u00e9 hoje.\u00a0A vereadora\u00a0n\u00e3o vai obter nenhuma resposta, pois todos os projetos enviados pela Secretaria de Desenvolvimento Social aos \u00f3rg\u00e3os do governo foram devolvidos porque estavam mal feitos, e a grana n\u00e3o veio. Isto sim \u00e9 uma verdadeira &#8220;calamidade p\u00fablica&#8221;.<\/p>\n","protected":false},"excerpt":{"rendered":"<p>A atuante vereadora Naara Duarte (Dem) fez requerimento pedindo ao prefeito que informasse \u00e0 c\u00e2mara os valores das verbas que foram captadas pelo munic\u00edpio, durante o per\u00edodo em que vigorou o &#8216;Estado de Emerg\u00eancia&#8217; (ou calamidade), decretado pelo prefeito um ano atr\u00e1s. A vereadora quer saber\u00a0quantas e quais fam\u00edlias\u00a0foram\u00a0beneficiados com os recursos federais e estaduais [&hellip;]<\/p>\n","protected":false},"author":2,"featured_media":0,"comment_status":"open","ping_status":"open","sticky":false,"template":"","format":"standard","meta":{"footnotes":"","_links_to":"","_links_to_target":""},"categories":[11],"tags":[],"class_list":["post-4115","post","type-post","status-publish","format-standard","hentry","category-quentinhas"],"views":1171,"_links":{"self":[{"href":"https:\/\/www.sudoestehoje.com.br\/novoportal\/wp-json\/wp\/v2\/posts\/4115","targetHints":{"allow":["GET"]}}],"collection":[{"href":"https:\/\/www.sudoestehoje.com.br\/novoportal\/wp-json\/wp\/v2\/posts"}],"about":[{"href":"https:\/\/www.sudoestehoje.com.br\/novoportal\/wp-json\/wp\/v2\/types\/post"}],"author":[{"embeddable":true,"href":"https:\/\/www.sudoestehoje.com.br\/novoportal\/wp-json\/wp\/v2\/users\/2"}],"replies":[{"embeddable":true,"href":"https:\/\/www.sudoestehoje.com.br\/novoportal\/wp-json\/wp\/v2\/comments?post=4115"}],"version-history":[{"count":2,"href":"https:\/\/www.sudoestehoje.com.br\/novoportal\/wp-json\/wp\/v2\/posts\/4115\/revisions"}],"predecessor-version":[{"id":4117,"href":"https:\/\/www.sudoestehoje.com.br\/novoportal\/wp-json\/wp\/v2\/posts\/4115\/revisions\/4117"}],"wp:attachment":[{"href":"https:\/\/www.sudoestehoje.com.br\/novoportal\/wp-json\/wp\/v2\/media?parent=4115"}],"wp:term":[{"taxonomy":"category","embeddable":true,"href":"https:\/\/www.sudoestehoje.com.br\/novoportal\/wp-json\/wp\/v2\/categories?post=4115"},{"taxonomy":"post_tag","embeddable":true,"href":"https:\/\/www.sudoestehoje.com.br\/novoportal\/wp-json\/wp\/v2\/tags?post=4115"}],"curies":[{"name":"wp","href":"https:\/\/api.w.org\/{rel}","templated":true}]}}