
{"id":4107,"date":"2011-04-02T10:02:51","date_gmt":"2011-04-02T13:02:51","guid":{"rendered":"http:\/\/www.sudoestehoje.com.br\/novoportal\/?p=4107"},"modified":"2011-04-02T10:47:03","modified_gmt":"2011-04-02T13:47:03","slug":"itapetinga-prefeito-ze-carlos-pode-retornar-as-origens-carlistas","status":"publish","type":"post","link":"https:\/\/www.sudoestehoje.com.br\/novoportal\/2011\/04\/02\/itapetinga-prefeito-ze-carlos-pode-retornar-as-origens-carlistas\/","title":{"rendered":"ITAPETINGA: PREFEITO Z\u00c9 CARLOS PODE RETORNAR \u00c0S ORIGENS CARLISTAS"},"content":{"rendered":"<p style=\"text-align: center;\"><a href=\"http:\/\/www.sudoestehoje.com.br\/novoportal\/wp-content\/uploads\/2011\/04\/100_3584.jpg\"><img loading=\"lazy\" decoding=\"async\" class=\"aligncenter size-medium wp-image-4108\" title=\"100_3584\" src=\"http:\/\/www.sudoestehoje.com.br\/novoportal\/wp-content\/uploads\/2011\/04\/100_3584-500x375.jpg\" alt=\"\" width=\"500\" height=\"375\" srcset=\"https:\/\/www.sudoestehoje.com.br\/novoportal\/wp-content\/uploads\/2011\/04\/100_3584-500x375.jpg 500w, https:\/\/www.sudoestehoje.com.br\/novoportal\/wp-content\/uploads\/2011\/04\/100_3584-1024x768.jpg 1024w\" sizes=\"auto, (max-width: 500px) 100vw, 500px\" \/><\/a><\/p>\n<p style=\"text-align: center;\"><em><strong>Z\u00e9 Carlos no palanque\u00a0do seu &#8216;padrinho&#8217; ACM, nos velhos e bons tempos<\/strong><\/em><\/p>\n<p>\u00a0<\/p>\n<p>ITAPETINGA: O prestigiado site de Itabuna, Pol\u00cdticos do Sul da Bahia, trouxe neste s\u00e1bado uma mat\u00e9ria &#8220;exclusiva&#8221;, dando conta de que, finalmente, o prefeito Z\u00e9 Carlos e sua trupe podem deixar o PT e se filiarem ao novo partido que est\u00e1 sendo fundado pelo prefeito de S\u00e3o Paulo, o PSD.<\/p>\n<p>Tanto o fundador do PSD, Gilberto Cassab, quanto o seu maior expoente na Bahia, Otto Alencar, s\u00e3o oriundos do antigo PFL e do atual Democratas (DEM). Otto, que hoje \u00e9 o vice-governador da Bahia, \u00e9 carlista de longas datas, assim como o prefeito Z\u00e9 Carlos, chegando at\u00e9 a ssumir o governo da Bahia por alguns meses, quando foi vice de ACM.<\/p>\n<p>Se isto se confirmar, o que \u00e9 muito prov\u00e1vel, essa conviv\u00eancia mal resolvida entre Z\u00e9 Carlos e o PT fica finalmente sanada , sem falar que ele continuar\u00e1 na &#8216;base&#8217; do governo Wagner, pois ter\u00e1 como l\u00edder o seu velho colega carlista, Otto Alencar, que \u00e9 vice-governador e que segue, por enquanto, a lideran\u00e7a petista. Quanto ao PT local, por outro lado, volta \u00e0 &#8216;estaca zero&#8217;, a n\u00e3o ser que descubra outro nome forte, como foi o de Z\u00e9 Carlos, para disputar o pr\u00f3ximo pleito municipal.<\/p>\n<p>Perguntado sobre a prov\u00e1vel ida de Z\u00e9 Carlos para o PSD, Wagner, segundo as m\u00e1s e boas linguas, teria usado aquele velho e irreverente jarg\u00e3o itapetinguense: <strong>&#8220;<em>vai toda&#8230;!&#8221;<\/em><\/strong><\/p>\n<p><em><strong>Por DAVI FERRAZ<\/strong><\/em><\/p>\n","protected":false},"excerpt":{"rendered":"<p>Z\u00e9 Carlos no palanque\u00a0do seu &#8216;padrinho&#8217; ACM, nos velhos e bons tempos \u00a0 ITAPETINGA: O prestigiado site de Itabuna, Pol\u00cdticos do Sul da Bahia, trouxe neste s\u00e1bado uma mat\u00e9ria &#8220;exclusiva&#8221;, dando conta de que, finalmente, o prefeito Z\u00e9 Carlos e sua trupe podem deixar o PT e se filiarem ao novo partido que est\u00e1 sendo [&hellip;]<\/p>\n","protected":false},"author":2,"featured_media":0,"comment_status":"open","ping_status":"open","sticky":false,"template":"","format":"standard","meta":{"footnotes":"","_links_to":"","_links_to_target":""},"categories":[1],"tags":[],"class_list":["post-4107","post","type-post","status-publish","format-standard","hentry","category-geral"],"views":1384,"_links":{"self":[{"href":"https:\/\/www.sudoestehoje.com.br\/novoportal\/wp-json\/wp\/v2\/posts\/4107","targetHints":{"allow":["GET"]}}],"collection":[{"href":"https:\/\/www.sudoestehoje.com.br\/novoportal\/wp-json\/wp\/v2\/posts"}],"about":[{"href":"https:\/\/www.sudoestehoje.com.br\/novoportal\/wp-json\/wp\/v2\/types\/post"}],"author":[{"embeddable":true,"href":"https:\/\/www.sudoestehoje.com.br\/novoportal\/wp-json\/wp\/v2\/users\/2"}],"replies":[{"embeddable":true,"href":"https:\/\/www.sudoestehoje.com.br\/novoportal\/wp-json\/wp\/v2\/comments?post=4107"}],"version-history":[{"count":6,"href":"https:\/\/www.sudoestehoje.com.br\/novoportal\/wp-json\/wp\/v2\/posts\/4107\/revisions"}],"predecessor-version":[{"id":4110,"href":"https:\/\/www.sudoestehoje.com.br\/novoportal\/wp-json\/wp\/v2\/posts\/4107\/revisions\/4110"}],"wp:attachment":[{"href":"https:\/\/www.sudoestehoje.com.br\/novoportal\/wp-json\/wp\/v2\/media?parent=4107"}],"wp:term":[{"taxonomy":"category","embeddable":true,"href":"https:\/\/www.sudoestehoje.com.br\/novoportal\/wp-json\/wp\/v2\/categories?post=4107"},{"taxonomy":"post_tag","embeddable":true,"href":"https:\/\/www.sudoestehoje.com.br\/novoportal\/wp-json\/wp\/v2\/tags?post=4107"}],"curies":[{"name":"wp","href":"https:\/\/api.w.org\/{rel}","templated":true}]}}