
{"id":4103,"date":"2011-04-02T01:50:12","date_gmt":"2011-04-02T04:50:12","guid":{"rendered":"http:\/\/www.sudoestehoje.com.br\/novoportal\/?p=4103"},"modified":"2011-04-02T01:50:12","modified_gmt":"2011-04-02T04:50:12","slug":"itapetinga-prefeito-ze-carlos-quer-aumentar-a-conta-de-agua-em-21","status":"publish","type":"post","link":"https:\/\/www.sudoestehoje.com.br\/novoportal\/2011\/04\/02\/itapetinga-prefeito-ze-carlos-quer-aumentar-a-conta-de-agua-em-21\/","title":{"rendered":"ITAPETINGA: PREFEITO Z\u00c9 CARLOS QUER AUMENTAR A CONTA DE \u00c1GUA EM 21%"},"content":{"rendered":"<p style=\"text-align: center;\"><img decoding=\"async\" src=\"http:\/\/2.bp.blogspot.com\/_VHDoHm1lqqA\/TP4BNzk2NhI\/AAAAAAAAEnM\/BWR11vv1Eeo\/s400\/1%2BCONTA%2BDE%2BENERGIA%2BCARA%2B-%2BSOSDH.jpg\" alt=\"\" \/><\/p>\n<p>\u00a0<\/p>\n<p>ITAPETINGA: O prefeito Z\u00e9 Carlos encaminhou projeto de lei \u00e0 camara de vereadores solicitando um reajuste de 21% nas tarifas de \u00e1gua e esgoto,\u00a0que atingir\u00e1 todos os consumidores do produto e servi\u00e7os oferecidos do SAAE. O prefeito alega que as tarifas est\u00e3o defasadas e que s\u00e3o as mais baratas cobradas em todo o estado da Bahia.<\/p>\n<p>Pelas planilhas apresentadas pelo SAAE, a autarquia vem acumulando prejuizo, tendo operado no vermelho durante a maior parte do ano de 2010. Este dado \u00e9 estranho e curioso, demonstrando que a autarquia, que j\u00e1 foi considerada a &#8220;j\u00f3ia&#8221; da administra\u00e7\u00e3o, decaiu durante a atual administra\u00e7\u00e3o, em virtude dos desatinos administrativos praticados por alguns dos seus dirigentes e dos altos sal\u00e1rios que s\u00e3o pagos aos detentores dos cargos de confian\u00e7a, nomeados pelo prefeito atual.<\/p>\n<p>Para variar, o consumidor pagar\u00e1 a conta, que vir\u00e1 turbinada a partir de maio, quando dever\u00e1 vigorar o\u00a0alt\u00edssimo reajuste pleiteado pelo prefeito, que certamente ser\u00e1 aprovado pelos representantes da comuna, sem muitos questionamentos.<\/p>\n<p><em><strong>Por DAVI FERRAZ<\/strong><\/em><\/p>\n","protected":false},"excerpt":{"rendered":"<p>\u00a0 ITAPETINGA: O prefeito Z\u00e9 Carlos encaminhou projeto de lei \u00e0 camara de vereadores solicitando um reajuste de 21% nas tarifas de \u00e1gua e esgoto,\u00a0que atingir\u00e1 todos os consumidores do produto e servi\u00e7os oferecidos do SAAE. O prefeito alega que as tarifas est\u00e3o defasadas e que s\u00e3o as mais baratas cobradas em todo o estado [&hellip;]<\/p>\n","protected":false},"author":2,"featured_media":0,"comment_status":"open","ping_status":"open","sticky":false,"template":"","format":"standard","meta":{"footnotes":"","_links_to":"","_links_to_target":""},"categories":[1],"tags":[],"class_list":["post-4103","post","type-post","status-publish","format-standard","hentry","category-geral"],"views":1231,"_links":{"self":[{"href":"https:\/\/www.sudoestehoje.com.br\/novoportal\/wp-json\/wp\/v2\/posts\/4103","targetHints":{"allow":["GET"]}}],"collection":[{"href":"https:\/\/www.sudoestehoje.com.br\/novoportal\/wp-json\/wp\/v2\/posts"}],"about":[{"href":"https:\/\/www.sudoestehoje.com.br\/novoportal\/wp-json\/wp\/v2\/types\/post"}],"author":[{"embeddable":true,"href":"https:\/\/www.sudoestehoje.com.br\/novoportal\/wp-json\/wp\/v2\/users\/2"}],"replies":[{"embeddable":true,"href":"https:\/\/www.sudoestehoje.com.br\/novoportal\/wp-json\/wp\/v2\/comments?post=4103"}],"version-history":[{"count":3,"href":"https:\/\/www.sudoestehoje.com.br\/novoportal\/wp-json\/wp\/v2\/posts\/4103\/revisions"}],"predecessor-version":[{"id":4106,"href":"https:\/\/www.sudoestehoje.com.br\/novoportal\/wp-json\/wp\/v2\/posts\/4103\/revisions\/4106"}],"wp:attachment":[{"href":"https:\/\/www.sudoestehoje.com.br\/novoportal\/wp-json\/wp\/v2\/media?parent=4103"}],"wp:term":[{"taxonomy":"category","embeddable":true,"href":"https:\/\/www.sudoestehoje.com.br\/novoportal\/wp-json\/wp\/v2\/categories?post=4103"},{"taxonomy":"post_tag","embeddable":true,"href":"https:\/\/www.sudoestehoje.com.br\/novoportal\/wp-json\/wp\/v2\/tags?post=4103"}],"curies":[{"name":"wp","href":"https:\/\/api.w.org\/{rel}","templated":true}]}}