
{"id":4101,"date":"2011-04-02T01:11:31","date_gmt":"2011-04-02T04:11:31","guid":{"rendered":"http:\/\/www.sudoestehoje.com.br\/novoportal\/?p=4101"},"modified":"2011-04-02T01:11:31","modified_gmt":"2011-04-02T04:11:31","slug":"energia-eletrica-mais-cara-na-bahia","status":"publish","type":"post","link":"https:\/\/www.sudoestehoje.com.br\/novoportal\/2011\/04\/02\/energia-eletrica-mais-cara-na-bahia\/","title":{"rendered":"ENERGIA EL\u00c9TRICA MAIS CARA NA BAHIA"},"content":{"rendered":"<p style=\"text-align: center;\"><img decoding=\"async\" class=\"aligncenter\" src=\"http:\/\/www.vozdabahia.com.br\/listas\/posts\/2045.jpg\" alt=\"\" \/><\/p>\n<p style=\"text-align: center;\"><em><strong>Conta de energia deve subir 11,92% em abril<\/strong><\/em><\/p>\n<p>\u00a0<\/p>\n<p>Depois dos sucessivos aumentos de tarifas de \u00f4nibus no estado, o baiano ter\u00e1 mais um \u201cpresente\u201d neste m\u00eas. A Coelba pleiteou na Ag\u00eancia Nacional de Energia El\u00e9trica (Aneel) reajuste de 11,96% da tarifa de energia, a partir de 22 de abril.<\/p>\n<p>A tarifa ser\u00e1 analisada ainda pela Aneel. Al\u00e9m da Coelba, outras nove empresas regionais pleitearam reajuste. No caso da Coelba, o reajuste tem impacto direto sobre consumidores dos 374 munic\u00edpios atendidos pela companhia de eletricidade.<\/p>\n","protected":false},"excerpt":{"rendered":"<p>Conta de energia deve subir 11,92% em abril \u00a0 Depois dos sucessivos aumentos de tarifas de \u00f4nibus no estado, o baiano ter\u00e1 mais um \u201cpresente\u201d neste m\u00eas. A Coelba pleiteou na Ag\u00eancia Nacional de Energia El\u00e9trica (Aneel) reajuste de 11,96% da tarifa de energia, a partir de 22 de abril. A tarifa ser\u00e1 analisada ainda [&hellip;]<\/p>\n","protected":false},"author":2,"featured_media":0,"comment_status":"open","ping_status":"open","sticky":false,"template":"","format":"standard","meta":{"footnotes":"","_links_to":"","_links_to_target":""},"categories":[1],"tags":[],"class_list":["post-4101","post","type-post","status-publish","format-standard","hentry","category-geral"],"views":1104,"_links":{"self":[{"href":"https:\/\/www.sudoestehoje.com.br\/novoportal\/wp-json\/wp\/v2\/posts\/4101","targetHints":{"allow":["GET"]}}],"collection":[{"href":"https:\/\/www.sudoestehoje.com.br\/novoportal\/wp-json\/wp\/v2\/posts"}],"about":[{"href":"https:\/\/www.sudoestehoje.com.br\/novoportal\/wp-json\/wp\/v2\/types\/post"}],"author":[{"embeddable":true,"href":"https:\/\/www.sudoestehoje.com.br\/novoportal\/wp-json\/wp\/v2\/users\/2"}],"replies":[{"embeddable":true,"href":"https:\/\/www.sudoestehoje.com.br\/novoportal\/wp-json\/wp\/v2\/comments?post=4101"}],"version-history":[{"count":1,"href":"https:\/\/www.sudoestehoje.com.br\/novoportal\/wp-json\/wp\/v2\/posts\/4101\/revisions"}],"predecessor-version":[{"id":4102,"href":"https:\/\/www.sudoestehoje.com.br\/novoportal\/wp-json\/wp\/v2\/posts\/4101\/revisions\/4102"}],"wp:attachment":[{"href":"https:\/\/www.sudoestehoje.com.br\/novoportal\/wp-json\/wp\/v2\/media?parent=4101"}],"wp:term":[{"taxonomy":"category","embeddable":true,"href":"https:\/\/www.sudoestehoje.com.br\/novoportal\/wp-json\/wp\/v2\/categories?post=4101"},{"taxonomy":"post_tag","embeddable":true,"href":"https:\/\/www.sudoestehoje.com.br\/novoportal\/wp-json\/wp\/v2\/tags?post=4101"}],"curies":[{"name":"wp","href":"https:\/\/api.w.org\/{rel}","templated":true}]}}