
{"id":40880,"date":"2014-08-29T13:22:57","date_gmt":"2014-08-29T16:22:57","guid":{"rendered":"http:\/\/www.sudoestehoje.com.br\/novoportal\/?p=40880"},"modified":"2014-08-29T13:24:52","modified_gmt":"2014-08-29T16:24:52","slug":"heraldo-inimigo-no-1-dos-servidores-mentiu-no-debate","status":"publish","type":"post","link":"https:\/\/www.sudoestehoje.com.br\/novoportal\/2014\/08\/29\/heraldo-inimigo-no-1-dos-servidores-mentiu-no-debate\/","title":{"rendered":"HERALDO ROCHA: &#8220;INIMIGO N\u00ba 1 DOS SERVIDORES MENTIU NO DEBATE&#8221;"},"content":{"rendered":"<div class=\"entry-content\" style=\"color: #222222;\">\n<p style=\"color: #666666;\"><a href=\"http:\/\/www.sudoestehoje.com.br\/novoportal\/wp-content\/uploads\/2014\/08\/HERALDO.jpg\"><img loading=\"lazy\" decoding=\"async\" class=\"aligncenter size-medium wp-image-40881\" src=\"http:\/\/www.sudoestehoje.com.br\/novoportal\/wp-content\/uploads\/2014\/08\/HERALDO-500x271.jpg\" alt=\"HERALDO\" width=\"500\" height=\"271\" srcset=\"https:\/\/www.sudoestehoje.com.br\/novoportal\/wp-content\/uploads\/2014\/08\/HERALDO-500x271.jpg 500w, https:\/\/www.sudoestehoje.com.br\/novoportal\/wp-content\/uploads\/2014\/08\/HERALDO.jpg 590w\" sizes=\"auto, (max-width: 500px) 100vw, 500px\" \/><\/a><\/p>\n<p style=\"color: #666666;\">\u201cO feiti\u00e7o virou contra o feiticeiro e o afilhado do governador Jaques Wagner, Rui Costa, se revelou o verdadeiro mentiroso do debate da TV Band\u201d, diz o presidente do Democratas Salvador, Heraldo Rocha, observando que o candidato petista ao governo ficou desnorteado ao ser chamado pela oponente L\u00eddice da Mata de \u201cInimigo n\u00b0 1 dos Servidores P\u00fablicos\u201d.<\/p>\n<p style=\"color: #666666;\">\u201cAo tentar se defender, Rui Costa mentiu, dizendo que n\u00e3o participou das mesas de negocia\u00e7\u00e3o da greve da Pol\u00edcia Militar, quando h\u00e1 registro de sua presen\u00e7a em mat\u00e9rias da imprensa (ver anexo)\u201d, afirma Heraldo Rocha. Para o l\u00edder democrata, n\u00e3o adianta o PT ficar insistindo na mentira, tentando por meio de propaganda mostrar uma realidade inexistente e fazer acusa\u00e7\u00f5es infundadas aos advers\u00e1rios.<\/p>\n<p style=\"color: #666666;\">\u201cCaiu a ficha! O povo baiano n\u00e3o cai mais no conto do PT. Rui Costa vai ter que procurar emprego no pr\u00f3ximo filme da \u2018Fam\u00edlia Adams\u2019. Com aquele modelito do debate, ele tem lugar garantido para interpretar qualquer personagem da famosa com\u00e9dia de terror\u201d, sugere Heraldo Rocha.<\/p>\n<\/div>\n","protected":false},"excerpt":{"rendered":"<p>\u201cO feiti\u00e7o virou contra o feiticeiro e o afilhado do governador Jaques Wagner, Rui Costa, se revelou o verdadeiro mentiroso do debate da TV Band\u201d, diz o presidente do Democratas Salvador, Heraldo Rocha, observando que o candidato petista ao governo ficou desnorteado ao ser chamado pela oponente L\u00eddice da Mata de \u201cInimigo n\u00b0 1 dos [&hellip;]<\/p>\n","protected":false},"author":2,"featured_media":0,"comment_status":"open","ping_status":"open","sticky":false,"template":"","format":"standard","meta":{"footnotes":"","_links_to":"","_links_to_target":""},"categories":[1],"tags":[],"class_list":["post-40880","post","type-post","status-publish","format-standard","hentry","category-geral"],"views":1221,"_links":{"self":[{"href":"https:\/\/www.sudoestehoje.com.br\/novoportal\/wp-json\/wp\/v2\/posts\/40880","targetHints":{"allow":["GET"]}}],"collection":[{"href":"https:\/\/www.sudoestehoje.com.br\/novoportal\/wp-json\/wp\/v2\/posts"}],"about":[{"href":"https:\/\/www.sudoestehoje.com.br\/novoportal\/wp-json\/wp\/v2\/types\/post"}],"author":[{"embeddable":true,"href":"https:\/\/www.sudoestehoje.com.br\/novoportal\/wp-json\/wp\/v2\/users\/2"}],"replies":[{"embeddable":true,"href":"https:\/\/www.sudoestehoje.com.br\/novoportal\/wp-json\/wp\/v2\/comments?post=40880"}],"version-history":[{"count":2,"href":"https:\/\/www.sudoestehoje.com.br\/novoportal\/wp-json\/wp\/v2\/posts\/40880\/revisions"}],"predecessor-version":[{"id":40883,"href":"https:\/\/www.sudoestehoje.com.br\/novoportal\/wp-json\/wp\/v2\/posts\/40880\/revisions\/40883"}],"wp:attachment":[{"href":"https:\/\/www.sudoestehoje.com.br\/novoportal\/wp-json\/wp\/v2\/media?parent=40880"}],"wp:term":[{"taxonomy":"category","embeddable":true,"href":"https:\/\/www.sudoestehoje.com.br\/novoportal\/wp-json\/wp\/v2\/categories?post=40880"},{"taxonomy":"post_tag","embeddable":true,"href":"https:\/\/www.sudoestehoje.com.br\/novoportal\/wp-json\/wp\/v2\/tags?post=40880"}],"curies":[{"name":"wp","href":"https:\/\/api.w.org\/{rel}","templated":true}]}}