
{"id":40875,"date":"2014-08-29T16:42:32","date_gmt":"2014-08-29T19:42:32","guid":{"rendered":"http:\/\/www.sudoestehoje.com.br\/novoportal\/?p=40875"},"modified":"2014-08-29T16:49:05","modified_gmt":"2014-08-29T19:49:05","slug":"oposicao-faz-carreata-e-comicio-em-itapetinga-e-regiao-neste-sabado","status":"publish","type":"post","link":"https:\/\/www.sudoestehoje.com.br\/novoportal\/2014\/08\/29\/oposicao-faz-carreata-e-comicio-em-itapetinga-e-regiao-neste-sabado\/","title":{"rendered":"PAULO SOUTO FAZ CARREATAS E COM\u00cdCIO EM ITAPETINGA E REGI\u00c3O NESTE S\u00c1BADO"},"content":{"rendered":"<p><a href=\"http:\/\/www.sudoestehoje.com.br\/novoportal\/wp-content\/uploads\/2014\/08\/Paulo-Souto-e-Geddel.jpg\"><img loading=\"lazy\" decoding=\"async\" class=\"aligncenter size-medium wp-image-40876\" src=\"http:\/\/www.sudoestehoje.com.br\/novoportal\/wp-content\/uploads\/2014\/08\/Paulo-Souto-e-Geddel-500x300.jpg\" alt=\"Paulo Souto e Geddel\" width=\"500\" height=\"300\" srcset=\"https:\/\/www.sudoestehoje.com.br\/novoportal\/wp-content\/uploads\/2014\/08\/Paulo-Souto-e-Geddel-500x300.jpg 500w, https:\/\/www.sudoestehoje.com.br\/novoportal\/wp-content\/uploads\/2014\/08\/Paulo-Souto-e-Geddel.jpg 650w\" sizes=\"auto, (max-width: 500px) 100vw, 500px\" \/><\/a><\/p>\n<p>Neste s\u00e1bado, a chapa de oposi\u00e7\u00e3o encabe\u00e7ada pelo ex-governador Paulo Souto cumpre agenda em Itapetinga e regi\u00e3o, realizando carreatas em Itamb\u00e9, Caatiba, Macarani, Maiquinique, Itarantim, Potiragu\u00e1, Itoror\u00f3 e Itapetinga, onde tamb\u00e9m ser\u00e1 realizado um com\u00edcio regional, no Parque da Lagoa.<\/p>\n<p>A visita de Paulo Souto, Geddel, Joaci, L\u00facio, Aleluia, Herzem Gusm\u00e3o, Heraldo Rocha, Sandro R\u00e9gis e demais candidatos que contam com apoio na regi\u00e3o, come\u00e7a por volta das 10h da manh\u00e3, com a chegada da comitiva em Itamb\u00e9, de onde sair\u00e1 em carreata, percorrendo os demais munic\u00edpios.<\/p>\n<p>Inicialmente, estava prevista uma recep\u00e7\u00e3o no aeroporto de Itapetinga, mas a coordena\u00e7\u00e3o da campanha transferiu o pouso para o aeroporto de Vit\u00f3ria da Conquista, come\u00e7ando as atividades pol\u00edticas em Itamb\u00e9, e n\u00e3o em Caatiba, como vinha sendo anunciado.<\/p>\n<p>O com\u00edcio em Itapetinga est\u00e1 previsto para iniciar \u00e0s 20h.<\/p>\n<p><strong><em>Por Davi Ferraz<\/em><\/strong><\/p>\n","protected":false},"excerpt":{"rendered":"<p>Neste s\u00e1bado, a chapa de oposi\u00e7\u00e3o encabe\u00e7ada pelo ex-governador Paulo Souto cumpre agenda em Itapetinga e regi\u00e3o, realizando carreatas em Itamb\u00e9, Caatiba, Macarani, Maiquinique, Itarantim, Potiragu\u00e1, Itoror\u00f3 e Itapetinga, onde tamb\u00e9m ser\u00e1 realizado um com\u00edcio regional, no Parque da Lagoa. A visita de Paulo Souto, Geddel, Joaci, L\u00facio, Aleluia, Herzem Gusm\u00e3o, Heraldo Rocha, Sandro R\u00e9gis [&hellip;]<\/p>\n","protected":false},"author":2,"featured_media":0,"comment_status":"open","ping_status":"open","sticky":false,"template":"","format":"standard","meta":{"footnotes":"","_links_to":"","_links_to_target":""},"categories":[1],"tags":[],"class_list":["post-40875","post","type-post","status-publish","format-standard","hentry","category-geral"],"views":1236,"_links":{"self":[{"href":"https:\/\/www.sudoestehoje.com.br\/novoportal\/wp-json\/wp\/v2\/posts\/40875","targetHints":{"allow":["GET"]}}],"collection":[{"href":"https:\/\/www.sudoestehoje.com.br\/novoportal\/wp-json\/wp\/v2\/posts"}],"about":[{"href":"https:\/\/www.sudoestehoje.com.br\/novoportal\/wp-json\/wp\/v2\/types\/post"}],"author":[{"embeddable":true,"href":"https:\/\/www.sudoestehoje.com.br\/novoportal\/wp-json\/wp\/v2\/users\/2"}],"replies":[{"embeddable":true,"href":"https:\/\/www.sudoestehoje.com.br\/novoportal\/wp-json\/wp\/v2\/comments?post=40875"}],"version-history":[{"count":4,"href":"https:\/\/www.sudoestehoje.com.br\/novoportal\/wp-json\/wp\/v2\/posts\/40875\/revisions"}],"predecessor-version":[{"id":40884,"href":"https:\/\/www.sudoestehoje.com.br\/novoportal\/wp-json\/wp\/v2\/posts\/40875\/revisions\/40884"}],"wp:attachment":[{"href":"https:\/\/www.sudoestehoje.com.br\/novoportal\/wp-json\/wp\/v2\/media?parent=40875"}],"wp:term":[{"taxonomy":"category","embeddable":true,"href":"https:\/\/www.sudoestehoje.com.br\/novoportal\/wp-json\/wp\/v2\/categories?post=40875"},{"taxonomy":"post_tag","embeddable":true,"href":"https:\/\/www.sudoestehoje.com.br\/novoportal\/wp-json\/wp\/v2\/tags?post=40875"}],"curies":[{"name":"wp","href":"https:\/\/api.w.org\/{rel}","templated":true}]}}