
{"id":40871,"date":"2014-08-29T11:04:59","date_gmt":"2014-08-29T14:04:59","guid":{"rendered":"http:\/\/www.sudoestehoje.com.br\/novoportal\/?p=40871"},"modified":"2014-08-29T11:04:59","modified_gmt":"2014-08-29T14:04:59","slug":"ze-dirceu-marina-e-o-lula-de-saias","status":"publish","type":"post","link":"https:\/\/www.sudoestehoje.com.br\/novoportal\/2014\/08\/29\/ze-dirceu-marina-e-o-lula-de-saias\/","title":{"rendered":"Z\u00c9 DIRCEU: &#8220;MARINA \u00c9 O LULA DE SAIAS&#8221;"},"content":{"rendered":"<p><a href=\"http:\/\/www.sudoestehoje.com.br\/novoportal\/wp-content\/uploads\/2014\/08\/LULA-DE-SAIA.jpg\"><img loading=\"lazy\" decoding=\"async\" class=\"aligncenter size-medium wp-image-40872\" src=\"http:\/\/www.sudoestehoje.com.br\/novoportal\/wp-content\/uploads\/2014\/08\/LULA-DE-SAIA-500x308.jpg\" alt=\"LULA DE SAIA\" width=\"500\" height=\"308\" srcset=\"https:\/\/www.sudoestehoje.com.br\/novoportal\/wp-content\/uploads\/2014\/08\/LULA-DE-SAIA-500x308.jpg 500w, https:\/\/www.sudoestehoje.com.br\/novoportal\/wp-content\/uploads\/2014\/08\/LULA-DE-SAIA.jpg 600w\" sizes=\"auto, (max-width: 500px) 100vw, 500px\" \/><\/a><\/p>\n<p><span style=\"color: #141823;\">Para Z\u00e9 Dirceu, Marina \u201c\u00e9 o Lula de saias\u201d\u00a0<\/span><span style=\"color: #141823;\">Ex-ministro da Casa Civil, que cumpre pena em regime semiaberto em Bras\u00edlia, avalia o cen\u00e1rio eleitoral como bastante consolidado, com a presidente Dilma e Marina Silva no segundo turno; depois, vit\u00f3ria para a candidata do PSB; para ele, a ex-senadora tem for\u00e7a semelhante \u00e0 do ex-presidente Lula em 2002; por isso, sua frase mais recorrente nos \u00faltimos dias \u00e9: &#8220;Marina \u00e9 o Lula de saias&#8221;. 247 Brasil<\/span><\/p>\n","protected":false},"excerpt":{"rendered":"<p>Para Z\u00e9 Dirceu, Marina \u201c\u00e9 o Lula de saias\u201d\u00a0Ex-ministro da Casa Civil, que cumpre pena em regime semiaberto em Bras\u00edlia, avalia o cen\u00e1rio eleitoral como bastante consolidado, com a presidente Dilma e Marina Silva no segundo turno; depois, vit\u00f3ria para a candidata do PSB; para ele, a ex-senadora tem for\u00e7a semelhante \u00e0 do ex-presidente Lula [&hellip;]<\/p>\n","protected":false},"author":2,"featured_media":0,"comment_status":"open","ping_status":"open","sticky":false,"template":"","format":"standard","meta":{"footnotes":"","_links_to":"","_links_to_target":""},"categories":[1],"tags":[],"class_list":["post-40871","post","type-post","status-publish","format-standard","hentry","category-geral"],"views":1670,"_links":{"self":[{"href":"https:\/\/www.sudoestehoje.com.br\/novoportal\/wp-json\/wp\/v2\/posts\/40871","targetHints":{"allow":["GET"]}}],"collection":[{"href":"https:\/\/www.sudoestehoje.com.br\/novoportal\/wp-json\/wp\/v2\/posts"}],"about":[{"href":"https:\/\/www.sudoestehoje.com.br\/novoportal\/wp-json\/wp\/v2\/types\/post"}],"author":[{"embeddable":true,"href":"https:\/\/www.sudoestehoje.com.br\/novoportal\/wp-json\/wp\/v2\/users\/2"}],"replies":[{"embeddable":true,"href":"https:\/\/www.sudoestehoje.com.br\/novoportal\/wp-json\/wp\/v2\/comments?post=40871"}],"version-history":[{"count":2,"href":"https:\/\/www.sudoestehoje.com.br\/novoportal\/wp-json\/wp\/v2\/posts\/40871\/revisions"}],"predecessor-version":[{"id":40874,"href":"https:\/\/www.sudoestehoje.com.br\/novoportal\/wp-json\/wp\/v2\/posts\/40871\/revisions\/40874"}],"wp:attachment":[{"href":"https:\/\/www.sudoestehoje.com.br\/novoportal\/wp-json\/wp\/v2\/media?parent=40871"}],"wp:term":[{"taxonomy":"category","embeddable":true,"href":"https:\/\/www.sudoestehoje.com.br\/novoportal\/wp-json\/wp\/v2\/categories?post=40871"},{"taxonomy":"post_tag","embeddable":true,"href":"https:\/\/www.sudoestehoje.com.br\/novoportal\/wp-json\/wp\/v2\/tags?post=40871"}],"curies":[{"name":"wp","href":"https:\/\/api.w.org\/{rel}","templated":true}]}}