
{"id":40813,"date":"2014-08-27T22:47:06","date_gmt":"2014-08-28T01:47:06","guid":{"rendered":"http:\/\/www.sudoestehoje.com.br\/novoportal\/?p=40813"},"modified":"2014-08-27T22:47:06","modified_gmt":"2014-08-28T01:47:06","slug":"fabrica-de-calcados-barbara-kras-sera-instalada-em-macarani","status":"publish","type":"post","link":"https:\/\/www.sudoestehoje.com.br\/novoportal\/2014\/08\/27\/fabrica-de-calcados-barbara-kras-sera-instalada-em-macarani\/","title":{"rendered":"F\u00c1BRICA DE CAL\u00c7ADOS B\u00c1RBARA KR\u00c1S SER\u00c1 INSTALADA EM MACARANI"},"content":{"rendered":"<div id=\"attachment_40814\" style=\"width: 509px\" class=\"wp-caption aligncenter\"><a href=\"http:\/\/www.sudoestehoje.com.br\/novoportal\/wp-content\/uploads\/2014\/08\/galpao.jpg\"><img loading=\"lazy\" decoding=\"async\" aria-describedby=\"caption-attachment-40814\" class=\" wp-image-40814\" src=\"http:\/\/www.sudoestehoje.com.br\/novoportal\/wp-content\/uploads\/2014\/08\/galpao.jpg\" alt=\"Antigo\" width=\"499\" height=\"267\" \/><\/a><p id=\"caption-attachment-40814\" class=\"wp-caption-text\">Antigo galp\u00e3o da Azaleia dever\u00e1 ser ocupado pela nova f\u00e1brica de cal\u00e7ados Barbara Kr\u00e1s, em Macarani<\/p><\/div>\n<p>Em Macarani, h\u00e1 uma grande expectativa com a chegada da nova f\u00e1brica de cal\u00e7ados B\u00e1rbara Kr\u00e1s, que dever\u00e1 ser instalada no munic\u00edpio, assim como aconteceu em Itamb\u00e9 e dever\u00e1 ocorrer em Caatiba, conforme an\u00fancio do governo do estado.<\/p>\n<p>Segundo o prefeito Carlinhos e a vice Elza Soares, dois galp\u00f5es da antiga Azaleia dever\u00e3o ser ocupados pela nova ind\u00fastria, gerando cerca de 600 empregos diretos, o que ajudar\u00e1 na recupera\u00e7\u00e3o da economia local, que ficou abalada depois do fechamento do Vulcabr\u00e1s\/Azaleia.<\/p>\n<p><span style=\"color: #000000;\">Uma equipe do governo do estado \u00e9 respons\u00e1vel pelo treinamento dos funcion\u00e1rios que ir\u00e3o trabalhar na empresa esteve em Macarani, e toda a documenta\u00e7\u00e3o dos galp\u00f5es tamb\u00e9m j\u00e1 foi enviada para SUDIC em Salvador. Prepostos da nova f\u00e1brica s\u00e3o aguardados em Macarani,<\/span><span style=\"color: #000000;\">\u00a0para defini\u00e7\u00e3o da data de implanta\u00e7\u00e3o e inicio das opera\u00e7\u00f5es.\u00a0<\/span><\/p>\n<p>A Barbara Kras dever\u00e1 entrar em opera\u00e7\u00e3o no munic\u00edpio de Macarani, ainda este ano.<\/p>\n<p><strong><em>Por Davi Ferraz<\/em><\/strong><\/p>\n","protected":false},"excerpt":{"rendered":"<p>Em Macarani, h\u00e1 uma grande expectativa com a chegada da nova f\u00e1brica de cal\u00e7ados B\u00e1rbara Kr\u00e1s, que dever\u00e1 ser instalada no munic\u00edpio, assim como aconteceu em Itamb\u00e9 e dever\u00e1 ocorrer em Caatiba, conforme an\u00fancio do governo do estado. Segundo o prefeito Carlinhos e a vice Elza Soares, dois galp\u00f5es da antiga Azaleia dever\u00e3o ser ocupados [&hellip;]<\/p>\n","protected":false},"author":2,"featured_media":0,"comment_status":"open","ping_status":"open","sticky":false,"template":"","format":"standard","meta":{"footnotes":"","_links_to":"","_links_to_target":""},"categories":[1],"tags":[],"class_list":["post-40813","post","type-post","status-publish","format-standard","hentry","category-geral"],"views":4460,"_links":{"self":[{"href":"https:\/\/www.sudoestehoje.com.br\/novoportal\/wp-json\/wp\/v2\/posts\/40813","targetHints":{"allow":["GET"]}}],"collection":[{"href":"https:\/\/www.sudoestehoje.com.br\/novoportal\/wp-json\/wp\/v2\/posts"}],"about":[{"href":"https:\/\/www.sudoestehoje.com.br\/novoportal\/wp-json\/wp\/v2\/types\/post"}],"author":[{"embeddable":true,"href":"https:\/\/www.sudoestehoje.com.br\/novoportal\/wp-json\/wp\/v2\/users\/2"}],"replies":[{"embeddable":true,"href":"https:\/\/www.sudoestehoje.com.br\/novoportal\/wp-json\/wp\/v2\/comments?post=40813"}],"version-history":[{"count":3,"href":"https:\/\/www.sudoestehoje.com.br\/novoportal\/wp-json\/wp\/v2\/posts\/40813\/revisions"}],"predecessor-version":[{"id":40817,"href":"https:\/\/www.sudoestehoje.com.br\/novoportal\/wp-json\/wp\/v2\/posts\/40813\/revisions\/40817"}],"wp:attachment":[{"href":"https:\/\/www.sudoestehoje.com.br\/novoportal\/wp-json\/wp\/v2\/media?parent=40813"}],"wp:term":[{"taxonomy":"category","embeddable":true,"href":"https:\/\/www.sudoestehoje.com.br\/novoportal\/wp-json\/wp\/v2\/categories?post=40813"},{"taxonomy":"post_tag","embeddable":true,"href":"https:\/\/www.sudoestehoje.com.br\/novoportal\/wp-json\/wp\/v2\/tags?post=40813"}],"curies":[{"name":"wp","href":"https:\/\/api.w.org\/{rel}","templated":true}]}}