
{"id":40801,"date":"2014-08-27T22:01:50","date_gmt":"2014-08-28T01:01:50","guid":{"rendered":"http:\/\/www.sudoestehoje.com.br\/novoportal\/?p=40801"},"modified":"2014-08-27T22:23:55","modified_gmt":"2014-08-28T01:23:55","slug":"prefeito-paulo-fernandes-realiza-mega-carreata-em-apoio-a-timoteo-brito","status":"publish","type":"post","link":"https:\/\/www.sudoestehoje.com.br\/novoportal\/2014\/08\/27\/prefeito-paulo-fernandes-realiza-mega-carreata-em-apoio-a-timoteo-brito\/","title":{"rendered":"PREFEITO PAULO FERNANDES REALIZA MEGA CARREATA EM APOIO A TIM\u00d3TEO BRITO"},"content":{"rendered":"<p><a href=\"http:\/\/www.sudoestehoje.com.br\/novoportal\/wp-content\/uploads\/2014\/08\/carreata-timo-1.jpg\"><img loading=\"lazy\" decoding=\"async\" class=\"aligncenter size-medium wp-image-40804\" src=\"http:\/\/www.sudoestehoje.com.br\/novoportal\/wp-content\/uploads\/2014\/08\/carreata-timo-1-500x334.jpg\" alt=\"carreata timo 1\" width=\"500\" height=\"334\" srcset=\"https:\/\/www.sudoestehoje.com.br\/novoportal\/wp-content\/uploads\/2014\/08\/carreata-timo-1-500x334.jpg 500w, https:\/\/www.sudoestehoje.com.br\/novoportal\/wp-content\/uploads\/2014\/08\/carreata-timo-1-700x468.jpg 700w, https:\/\/www.sudoestehoje.com.br\/novoportal\/wp-content\/uploads\/2014\/08\/carreata-timo-1.jpg 1600w\" sizes=\"auto, (max-width: 500px) 100vw, 500px\" \/><\/a><\/p>\n<p>ITARANTIM: A carreata realizada em Itarantim, neste final de semana, pelo prefeito Paulo Fernandes, em apoio aos candidatos Tim\u00f3teo Brito e Jos\u00e9 Carlos Ara\u00fajo, teve uma ades\u00e3o que surpreendeu at\u00e9 \u00e0 oposi\u00e7\u00e3o do munic\u00edpio.<\/p>\n<p>Segundo os organizadores e observadores independentes de Itarantim, a mega carreata contou com cerca de 350 carros e mais de 120 motos, cujos propriet\u00e1rios aderiram ao evento de forma espont\u00e2nea e desinteressada, o que demonstra a for\u00e7a e lideran\u00e7a do prefeito Paulo Fernandes, e a excelente aceita\u00e7\u00e3o da popula\u00e7\u00e3o em rela\u00e7\u00e3o aos seus candidatos.<\/p>\n<p>O prefeito Dr. Paulo tem se destacado pela sua lisura e lideran\u00e7a no comando do executivo municipal, e apesar das dificuldades e queda de receita do munic\u00edpio, vem realizando uma excelente administra\u00e7\u00e3o, entregando obras e prestando servi\u00e7os de alta relev\u00e2ncia aos seus mun\u00edcipes.<\/p>\n<p>Veja as fotos da carreata:<\/p>\n<p><a href=\"http:\/\/www.sudoestehoje.com.br\/novoportal\/wp-content\/uploads\/2014\/08\/carreata-timo-2.jpg\"><img loading=\"lazy\" decoding=\"async\" class=\"aligncenter size-medium wp-image-40805\" src=\"http:\/\/www.sudoestehoje.com.br\/novoportal\/wp-content\/uploads\/2014\/08\/carreata-timo-2-500x334.jpg\" alt=\"carreata timo 2\" width=\"500\" height=\"334\" srcset=\"https:\/\/www.sudoestehoje.com.br\/novoportal\/wp-content\/uploads\/2014\/08\/carreata-timo-2-500x334.jpg 500w, https:\/\/www.sudoestehoje.com.br\/novoportal\/wp-content\/uploads\/2014\/08\/carreata-timo-2-700x468.jpg 700w, https:\/\/www.sudoestehoje.com.br\/novoportal\/wp-content\/uploads\/2014\/08\/carreata-timo-2.jpg 1600w\" sizes=\"auto, (max-width: 500px) 100vw, 500px\" \/><\/a><\/p>\n<p><a href=\"http:\/\/www.sudoestehoje.com.br\/novoportal\/wp-content\/uploads\/2014\/08\/carreata-timo-3.jpg\"><img loading=\"lazy\" decoding=\"async\" class=\"aligncenter size-medium wp-image-40806\" src=\"http:\/\/www.sudoestehoje.com.br\/novoportal\/wp-content\/uploads\/2014\/08\/carreata-timo-3-500x334.jpg\" alt=\"carreata timo 3\" width=\"500\" height=\"334\" srcset=\"https:\/\/www.sudoestehoje.com.br\/novoportal\/wp-content\/uploads\/2014\/08\/carreata-timo-3-500x334.jpg 500w, https:\/\/www.sudoestehoje.com.br\/novoportal\/wp-content\/uploads\/2014\/08\/carreata-timo-3-700x468.jpg 700w, https:\/\/www.sudoestehoje.com.br\/novoportal\/wp-content\/uploads\/2014\/08\/carreata-timo-3.jpg 1600w\" sizes=\"auto, (max-width: 500px) 100vw, 500px\" \/><\/a><\/p>\n<p><a href=\"http:\/\/www.sudoestehoje.com.br\/novoportal\/wp-content\/uploads\/2014\/08\/carreata-timo-4.jpg\"><img loading=\"lazy\" decoding=\"async\" class=\"aligncenter size-medium wp-image-40807\" src=\"http:\/\/www.sudoestehoje.com.br\/novoportal\/wp-content\/uploads\/2014\/08\/carreata-timo-4-500x334.jpg\" alt=\"carreata timo 4\" width=\"500\" height=\"334\" srcset=\"https:\/\/www.sudoestehoje.com.br\/novoportal\/wp-content\/uploads\/2014\/08\/carreata-timo-4-500x334.jpg 500w, https:\/\/www.sudoestehoje.com.br\/novoportal\/wp-content\/uploads\/2014\/08\/carreata-timo-4-700x468.jpg 700w, https:\/\/www.sudoestehoje.com.br\/novoportal\/wp-content\/uploads\/2014\/08\/carreata-timo-4.jpg 1600w\" sizes=\"auto, (max-width: 500px) 100vw, 500px\" \/><\/a><\/p>\n<p><a href=\"http:\/\/www.sudoestehoje.com.br\/novoportal\/wp-content\/uploads\/2014\/08\/carreata-TIMO-5.jpg\"><img loading=\"lazy\" decoding=\"async\" class=\"aligncenter size-medium wp-image-40810\" src=\"http:\/\/www.sudoestehoje.com.br\/novoportal\/wp-content\/uploads\/2014\/08\/carreata-TIMO-5-500x334.jpg\" alt=\"carreata TIMO 5\" width=\"500\" height=\"334\" srcset=\"https:\/\/www.sudoestehoje.com.br\/novoportal\/wp-content\/uploads\/2014\/08\/carreata-TIMO-5-500x334.jpg 500w, https:\/\/www.sudoestehoje.com.br\/novoportal\/wp-content\/uploads\/2014\/08\/carreata-TIMO-5-700x468.jpg 700w, https:\/\/www.sudoestehoje.com.br\/novoportal\/wp-content\/uploads\/2014\/08\/carreata-TIMO-5.jpg 1600w\" sizes=\"auto, (max-width: 500px) 100vw, 500px\" \/><\/a><\/p>\n","protected":false},"excerpt":{"rendered":"<p>ITARANTIM: A carreata realizada em Itarantim, neste final de semana, pelo prefeito Paulo Fernandes, em apoio aos candidatos Tim\u00f3teo Brito e Jos\u00e9 Carlos Ara\u00fajo, teve uma ades\u00e3o que surpreendeu at\u00e9 \u00e0 oposi\u00e7\u00e3o do munic\u00edpio. Segundo os organizadores e observadores independentes de Itarantim, a mega carreata contou com cerca de 350 carros e mais de 120 [&hellip;]<\/p>\n","protected":false},"author":2,"featured_media":0,"comment_status":"open","ping_status":"open","sticky":false,"template":"","format":"standard","meta":{"footnotes":"","_links_to":"","_links_to_target":""},"categories":[1],"tags":[],"class_list":["post-40801","post","type-post","status-publish","format-standard","hentry","category-geral"],"views":2271,"_links":{"self":[{"href":"https:\/\/www.sudoestehoje.com.br\/novoportal\/wp-json\/wp\/v2\/posts\/40801","targetHints":{"allow":["GET"]}}],"collection":[{"href":"https:\/\/www.sudoestehoje.com.br\/novoportal\/wp-json\/wp\/v2\/posts"}],"about":[{"href":"https:\/\/www.sudoestehoje.com.br\/novoportal\/wp-json\/wp\/v2\/types\/post"}],"author":[{"embeddable":true,"href":"https:\/\/www.sudoestehoje.com.br\/novoportal\/wp-json\/wp\/v2\/users\/2"}],"replies":[{"embeddable":true,"href":"https:\/\/www.sudoestehoje.com.br\/novoportal\/wp-json\/wp\/v2\/comments?post=40801"}],"version-history":[{"count":6,"href":"https:\/\/www.sudoestehoje.com.br\/novoportal\/wp-json\/wp\/v2\/posts\/40801\/revisions"}],"predecessor-version":[{"id":40812,"href":"https:\/\/www.sudoestehoje.com.br\/novoportal\/wp-json\/wp\/v2\/posts\/40801\/revisions\/40812"}],"wp:attachment":[{"href":"https:\/\/www.sudoestehoje.com.br\/novoportal\/wp-json\/wp\/v2\/media?parent=40801"}],"wp:term":[{"taxonomy":"category","embeddable":true,"href":"https:\/\/www.sudoestehoje.com.br\/novoportal\/wp-json\/wp\/v2\/categories?post=40801"},{"taxonomy":"post_tag","embeddable":true,"href":"https:\/\/www.sudoestehoje.com.br\/novoportal\/wp-json\/wp\/v2\/tags?post=40801"}],"curies":[{"name":"wp","href":"https:\/\/api.w.org\/{rel}","templated":true}]}}