
{"id":40791,"date":"2014-08-27T20:20:21","date_gmt":"2014-08-27T23:20:21","guid":{"rendered":"http:\/\/www.sudoestehoje.com.br\/novoportal\/?p=40791"},"modified":"2014-08-27T20:20:21","modified_gmt":"2014-08-27T23:20:21","slug":"afilhado-de-wagner-revela-ingratidao-alfineta-aleluia","status":"publish","type":"post","link":"https:\/\/www.sudoestehoje.com.br\/novoportal\/2014\/08\/27\/afilhado-de-wagner-revela-ingratidao-alfineta-aleluia\/","title":{"rendered":"&#8220;AFILHADO DE WAGNER REVELA INGRATID\u00c3O&#8221;, ALFINETA ALELUIA"},"content":{"rendered":"<p class=\"yiv5754439869MsoNormal\" style=\"color: rgb(0, 0, 0); text-align: left;\" align=\"center\"><a href=\"http:\/\/www.sudoestehoje.com.br\/novoportal\/wp-content\/uploads\/2014\/08\/jose_carlos_aleluia.jpg\"><img loading=\"lazy\" decoding=\"async\" class=\"aligncenter size-full wp-image-40795\" src=\"http:\/\/www.sudoestehoje.com.br\/novoportal\/wp-content\/uploads\/2014\/08\/jose_carlos_aleluia.jpg\" alt=\"jose_carlos_aleluia\" width=\"400\" height=\"317\" \/><\/a><\/p>\n<p id=\"yui_3_16_0_1_1409180372440_2496\" class=\"yiv5754439869MsoNormal\" style=\"color: #000000;\">\u00a0\u201cO afilhado do governador Jaques Wagner est\u00e1 se revelando um ingrato nesta campanha\u201d, afirmou o presidente da coliga\u00e7\u00e3o \u201cUnidos pela Bahia\u201d, Jos\u00e9 Carlos Aleluia. \u201cS\u00f3 o desespero pode explicar a criatura atacando o governo de seu criador, como fez em entrevista \u00e0 imprensa\u201d.<\/p>\n<p id=\"yui_3_16_0_1_1409180372440_2493\" class=\"yiv5754439869MsoNormal\" style=\"color: #000000;\">Para Aleluia, associada \u00e0 ingratid\u00e3o de Rui Costa, h\u00e1 tamb\u00e9m desfa\u00e7atez. \u201cEle quer enganar quem, quando tenta agora se eximir do fracasso de um governo no qual participou intensamente, como secret\u00e1rio de rela\u00e7\u00f5es institucionais e da casa civil?\u201d, questiona.<\/p>\n<p id=\"yui_3_16_0_1_1409180372440_2490\" class=\"yiv5754439869MsoNormal\" style=\"color: #000000;\"><span id=\"yui_3_16_0_1_1409180372440_2223\">Sem levar a s\u00e9rio a muta\u00e7\u00e3o oportunista do candidato petista, Aleluia cantarola o cl\u00e1ssico \u201cAtiraste uma pedra\u201d, de Herivelto Martins e David Nasser: \u201c<\/span><span id=\"yui_3_16_0_1_1409180372440_2516\">Atiraste uma pedra\/No peito de quem\/S\u00f3 te fez tanto bem\u201d. E tamb\u00e9m\u00a0<span id=\"yui_3_16_0_1_1409180372440_2519\">o pop \u201cCara de Pau\u201d, de Ana e Angela: \u201cComo ele \u00e9 cara de pau\/ Mas um dia vai se dar mal\u201d.<\/span><\/span><\/p>\n","protected":false},"excerpt":{"rendered":"<p>\u00a0\u201cO afilhado do governador Jaques Wagner est\u00e1 se revelando um ingrato nesta campanha\u201d, afirmou o presidente da coliga\u00e7\u00e3o \u201cUnidos pela Bahia\u201d, Jos\u00e9 Carlos Aleluia. \u201cS\u00f3 o desespero pode explicar a criatura atacando o governo de seu criador, como fez em entrevista \u00e0 imprensa\u201d. Para Aleluia, associada \u00e0 ingratid\u00e3o de Rui Costa, h\u00e1 tamb\u00e9m desfa\u00e7atez. \u201cEle [&hellip;]<\/p>\n","protected":false},"author":2,"featured_media":0,"comment_status":"open","ping_status":"open","sticky":false,"template":"","format":"standard","meta":{"footnotes":"","_links_to":"","_links_to_target":""},"categories":[1],"tags":[],"class_list":["post-40791","post","type-post","status-publish","format-standard","hentry","category-geral"],"views":1914,"_links":{"self":[{"href":"https:\/\/www.sudoestehoje.com.br\/novoportal\/wp-json\/wp\/v2\/posts\/40791","targetHints":{"allow":["GET"]}}],"collection":[{"href":"https:\/\/www.sudoestehoje.com.br\/novoportal\/wp-json\/wp\/v2\/posts"}],"about":[{"href":"https:\/\/www.sudoestehoje.com.br\/novoportal\/wp-json\/wp\/v2\/types\/post"}],"author":[{"embeddable":true,"href":"https:\/\/www.sudoestehoje.com.br\/novoportal\/wp-json\/wp\/v2\/users\/2"}],"replies":[{"embeddable":true,"href":"https:\/\/www.sudoestehoje.com.br\/novoportal\/wp-json\/wp\/v2\/comments?post=40791"}],"version-history":[{"count":2,"href":"https:\/\/www.sudoestehoje.com.br\/novoportal\/wp-json\/wp\/v2\/posts\/40791\/revisions"}],"predecessor-version":[{"id":40796,"href":"https:\/\/www.sudoestehoje.com.br\/novoportal\/wp-json\/wp\/v2\/posts\/40791\/revisions\/40796"}],"wp:attachment":[{"href":"https:\/\/www.sudoestehoje.com.br\/novoportal\/wp-json\/wp\/v2\/media?parent=40791"}],"wp:term":[{"taxonomy":"category","embeddable":true,"href":"https:\/\/www.sudoestehoje.com.br\/novoportal\/wp-json\/wp\/v2\/categories?post=40791"},{"taxonomy":"post_tag","embeddable":true,"href":"https:\/\/www.sudoestehoje.com.br\/novoportal\/wp-json\/wp\/v2\/tags?post=40791"}],"curies":[{"name":"wp","href":"https:\/\/api.w.org\/{rel}","templated":true}]}}