
{"id":40788,"date":"2014-08-27T19:28:22","date_gmt":"2014-08-27T22:28:22","guid":{"rendered":"http:\/\/www.sudoestehoje.com.br\/novoportal\/?p=40788"},"modified":"2014-08-27T19:28:22","modified_gmt":"2014-08-27T22:28:22","slug":"governo-wagner-e-avaliado-como-regular-em-pesquisa-do-ibope","status":"publish","type":"post","link":"https:\/\/www.sudoestehoje.com.br\/novoportal\/2014\/08\/27\/governo-wagner-e-avaliado-como-regular-em-pesquisa-do-ibope\/","title":{"rendered":"GOVERNO WAGNER \u00c9 AVALIADO COMO &#8220;REGULAR&#8221; EM PESQUISA DO IBOPE"},"content":{"rendered":"<p><a href=\"http:\/\/www.sudoestehoje.com.br\/novoportal\/wp-content\/uploads\/2014\/08\/VAGNER-REGULAR.jpg\"><img loading=\"lazy\" decoding=\"async\" class=\"aligncenter size-medium wp-image-40789\" src=\"http:\/\/www.sudoestehoje.com.br\/novoportal\/wp-content\/uploads\/2014\/08\/VAGNER-REGULAR-500x281.jpg\" alt=\"VAGNER REGULAR\" width=\"500\" height=\"281\" srcset=\"https:\/\/www.sudoestehoje.com.br\/novoportal\/wp-content\/uploads\/2014\/08\/VAGNER-REGULAR-500x281.jpg 500w, https:\/\/www.sudoestehoje.com.br\/novoportal\/wp-content\/uploads\/2014\/08\/VAGNER-REGULAR.jpg 597w\" sizes=\"auto, (max-width: 500px) 100vw, 500px\" \/><\/a><\/p>\n<p>O governador Jaques Wagner teve o governo classificado como regular por 38% dos entrevistados na pesquisa Ibope divulgada nesta quarta-feira (27). Para 12%, o governo \u00e9 considerado ruim, para 26% \u00e9 bom, enquanto para 15%, \u00e9 p\u00e9ssimo. 4% n\u00e3o quiseram ou n\u00e3o souberam opinar.<\/p>\n<p>Em compara\u00e7\u00e3o com pesquisa Ibope divulgada no dia\u00a023 de julho, tamb\u00e9m encomendada\u00a0pela TV Bahia, 39% dos eleitores considerava\u00a0a gest\u00e3o de Jaques Wagner \u201cregular\u201d.\u00a0Para 23%, o governo pode ser considerado bom e para outros 17% \u00e9 p\u00e9ssimo. Para 10% a gest\u00e3o atual \u00e9 ruim e 6% a consideram \u00f3tima. N\u00e3o souberam ou n\u00e3o opinaram 4%.<\/p>\n","protected":false},"excerpt":{"rendered":"<p>O governador Jaques Wagner teve o governo classificado como regular por 38% dos entrevistados na pesquisa Ibope divulgada nesta quarta-feira (27). Para 12%, o governo \u00e9 considerado ruim, para 26% \u00e9 bom, enquanto para 15%, \u00e9 p\u00e9ssimo. 4% n\u00e3o quiseram ou n\u00e3o souberam opinar. Em compara\u00e7\u00e3o com pesquisa Ibope divulgada no dia\u00a023 de julho, tamb\u00e9m [&hellip;]<\/p>\n","protected":false},"author":2,"featured_media":0,"comment_status":"open","ping_status":"open","sticky":false,"template":"","format":"standard","meta":{"footnotes":"","_links_to":"","_links_to_target":""},"categories":[1],"tags":[],"class_list":["post-40788","post","type-post","status-publish","format-standard","hentry","category-geral"],"views":1107,"_links":{"self":[{"href":"https:\/\/www.sudoestehoje.com.br\/novoportal\/wp-json\/wp\/v2\/posts\/40788","targetHints":{"allow":["GET"]}}],"collection":[{"href":"https:\/\/www.sudoestehoje.com.br\/novoportal\/wp-json\/wp\/v2\/posts"}],"about":[{"href":"https:\/\/www.sudoestehoje.com.br\/novoportal\/wp-json\/wp\/v2\/types\/post"}],"author":[{"embeddable":true,"href":"https:\/\/www.sudoestehoje.com.br\/novoportal\/wp-json\/wp\/v2\/users\/2"}],"replies":[{"embeddable":true,"href":"https:\/\/www.sudoestehoje.com.br\/novoportal\/wp-json\/wp\/v2\/comments?post=40788"}],"version-history":[{"count":1,"href":"https:\/\/www.sudoestehoje.com.br\/novoportal\/wp-json\/wp\/v2\/posts\/40788\/revisions"}],"predecessor-version":[{"id":40790,"href":"https:\/\/www.sudoestehoje.com.br\/novoportal\/wp-json\/wp\/v2\/posts\/40788\/revisions\/40790"}],"wp:attachment":[{"href":"https:\/\/www.sudoestehoje.com.br\/novoportal\/wp-json\/wp\/v2\/media?parent=40788"}],"wp:term":[{"taxonomy":"category","embeddable":true,"href":"https:\/\/www.sudoestehoje.com.br\/novoportal\/wp-json\/wp\/v2\/categories?post=40788"},{"taxonomy":"post_tag","embeddable":true,"href":"https:\/\/www.sudoestehoje.com.br\/novoportal\/wp-json\/wp\/v2\/tags?post=40788"}],"curies":[{"name":"wp","href":"https:\/\/api.w.org\/{rel}","templated":true}]}}