
{"id":40785,"date":"2014-08-27T19:17:22","date_gmt":"2014-08-27T22:17:22","guid":{"rendered":"http:\/\/www.sudoestehoje.com.br\/novoportal\/?p=40785"},"modified":"2014-08-27T19:17:22","modified_gmt":"2014-08-27T22:17:22","slug":"grito-dos-excluidos-desfila-no-dia-7","status":"publish","type":"post","link":"https:\/\/www.sudoestehoje.com.br\/novoportal\/2014\/08\/27\/grito-dos-excluidos-desfila-no-dia-7\/","title":{"rendered":"GRITO DOS EXCLU\u00cdDOS DESFILA NO DIA 7"},"content":{"rendered":"<p style=\"color: #2c2b2b;\"><a href=\"http:\/\/www.sudoestehoje.com.br\/novoportal\/wp-content\/uploads\/2014\/08\/GRITO1.jpg\"><img loading=\"lazy\" decoding=\"async\" class=\"aligncenter size-full wp-image-40786\" src=\"http:\/\/www.sudoestehoje.com.br\/novoportal\/wp-content\/uploads\/2014\/08\/GRITO1.jpg\" alt=\"GRITO\" width=\"500\" height=\"375\" \/><\/a><\/p>\n<p style=\"color: #2c2b2b;\"><span style=\"font-size: medium;\">Depois da nota pol\u00eamica da Secretaria de Educa\u00e7\u00e3o suspendendo a participa\u00e7\u00e3o das escolas municipais no desfile do dia da independ\u00eancia do Brasil, os representantes da manifesta\u00e7\u00e3o chamada \u201cGritos dos Exclu\u00eddos\u201d decidiram tomar as ruas no dia 07, concentrando na pra\u00e7a Dairy Valley e circulando pelos bairros Primavera e Nova Itapetinga.<\/span><\/p>\n<p style=\"color: #2c2b2b;\"><span style=\"font-size: medium;\">Para suspender o desfile no dia 07 e antecipar para os bairros, a Secret\u00e1ria de Educa\u00e7\u00e3o Shirley alegou a paralisa\u00e7\u00e3o de 17 dias de greve e a necessidade cortar folgas dos professores para completar 200 dias letivos.<\/span><\/p>\n<p style=\"color: #2c2b2b;\"><span style=\"font-size: medium;\">Por seu turno grande parte dos professores afirmou que n\u00e3o tinha inten\u00e7\u00e3o de boicotar o evento pela aus\u00eancia de folga na segunda-feira. Por certo o receio dos administradores \u00e9 o desgaste junto aos profissionais da rede e eventuais rea\u00e7\u00f5es<\/span>. Blog do Z\u00e9 Ferreira<\/p>\n","protected":false},"excerpt":{"rendered":"<p>Depois da nota pol\u00eamica da Secretaria de Educa\u00e7\u00e3o suspendendo a participa\u00e7\u00e3o das escolas municipais no desfile do dia da independ\u00eancia do Brasil, os representantes da manifesta\u00e7\u00e3o chamada \u201cGritos dos Exclu\u00eddos\u201d decidiram tomar as ruas no dia 07, concentrando na pra\u00e7a Dairy Valley e circulando pelos bairros Primavera e Nova Itapetinga. Para suspender o desfile no [&hellip;]<\/p>\n","protected":false},"author":2,"featured_media":0,"comment_status":"open","ping_status":"open","sticky":false,"template":"","format":"standard","meta":{"footnotes":"","_links_to":"","_links_to_target":""},"categories":[1],"tags":[],"class_list":["post-40785","post","type-post","status-publish","format-standard","hentry","category-geral"],"views":1173,"_links":{"self":[{"href":"https:\/\/www.sudoestehoje.com.br\/novoportal\/wp-json\/wp\/v2\/posts\/40785","targetHints":{"allow":["GET"]}}],"collection":[{"href":"https:\/\/www.sudoestehoje.com.br\/novoportal\/wp-json\/wp\/v2\/posts"}],"about":[{"href":"https:\/\/www.sudoestehoje.com.br\/novoportal\/wp-json\/wp\/v2\/types\/post"}],"author":[{"embeddable":true,"href":"https:\/\/www.sudoestehoje.com.br\/novoportal\/wp-json\/wp\/v2\/users\/2"}],"replies":[{"embeddable":true,"href":"https:\/\/www.sudoestehoje.com.br\/novoportal\/wp-json\/wp\/v2\/comments?post=40785"}],"version-history":[{"count":1,"href":"https:\/\/www.sudoestehoje.com.br\/novoportal\/wp-json\/wp\/v2\/posts\/40785\/revisions"}],"predecessor-version":[{"id":40787,"href":"https:\/\/www.sudoestehoje.com.br\/novoportal\/wp-json\/wp\/v2\/posts\/40785\/revisions\/40787"}],"wp:attachment":[{"href":"https:\/\/www.sudoestehoje.com.br\/novoportal\/wp-json\/wp\/v2\/media?parent=40785"}],"wp:term":[{"taxonomy":"category","embeddable":true,"href":"https:\/\/www.sudoestehoje.com.br\/novoportal\/wp-json\/wp\/v2\/categories?post=40785"},{"taxonomy":"post_tag","embeddable":true,"href":"https:\/\/www.sudoestehoje.com.br\/novoportal\/wp-json\/wp\/v2\/tags?post=40785"}],"curies":[{"name":"wp","href":"https:\/\/api.w.org\/{rel}","templated":true}]}}