
{"id":40782,"date":"2014-08-27T19:12:43","date_gmt":"2014-08-27T22:12:43","guid":{"rendered":"http:\/\/www.sudoestehoje.com.br\/novoportal\/?p=40782"},"modified":"2014-08-27T19:12:43","modified_gmt":"2014-08-27T22:12:43","slug":"tse-confirma-arruda-como-ficha-suja","status":"publish","type":"post","link":"https:\/\/www.sudoestehoje.com.br\/novoportal\/2014\/08\/27\/tse-confirma-arruda-como-ficha-suja\/","title":{"rendered":"TSE CONFIRMA ARRUDA COMO FICHA SUJA"},"content":{"rendered":"<p><a href=\"http:\/\/www.sudoestehoje.com.br\/novoportal\/wp-content\/uploads\/2014\/08\/ficha-suja-do-arruda.jpg\"><img loading=\"lazy\" decoding=\"async\" class=\"aligncenter  wp-image-40783\" src=\"http:\/\/www.sudoestehoje.com.br\/novoportal\/wp-content\/uploads\/2014\/08\/ficha-suja-do-arruda-500x478.jpg\" alt=\"ficha suja do arruda\" width=\"413\" height=\"395\" srcset=\"https:\/\/www.sudoestehoje.com.br\/novoportal\/wp-content\/uploads\/2014\/08\/ficha-suja-do-arruda-500x478.jpg 500w, https:\/\/www.sudoestehoje.com.br\/novoportal\/wp-content\/uploads\/2014\/08\/ficha-suja-do-arruda.jpg 650w\" sizes=\"auto, (max-width: 413px) 100vw, 413px\" \/><\/a><\/p>\n<p><span style=\"color: #444444;\">Com o voto do ministro Jo\u00e3o Otavio de Noronha, chegou a 5\u00d71 o placar no Tribunal Superior Eleitoral pela impugna\u00e7\u00e3o da candidatura de Jos\u00e9 Roberto Arruda (PR) ao governo do Distrito Federal. <\/span><\/p>\n<p><span style=\"color: #444444;\">A defesa do pol\u00edtico disse que pretende recorrer primeiro ao pr\u00f3prio TSE, com \u201cembargos de declara\u00e7\u00e3o\u201d, e depois, \u201cse necess\u00e1rio\u201d, ao Supremo Tribunal Federal. Enquanto isso, Arruda poder\u00e1 continuar a campanha eleitoral normalmente. <\/span><\/p>\n<p><span style=\"color: #444444;\">Mas s\u00e3o remotas as chances de reverter a decis\u00e3o. Se Arruda desistir, o senador Gim Argelo (PTB-DF), candidato \u00e0 reelei\u00e7\u00e3o pela mesma coliga\u00e7\u00e3o, poder\u00e1 substitu\u00ed-lo na disputa. Mas se Arruda quiser persistir, a tend\u00eancia da coliga\u00e7\u00e3o \u00e9 apoi\u00e1-lo.\u00a0<\/span><\/p>\n","protected":false},"excerpt":{"rendered":"<p>Com o voto do ministro Jo\u00e3o Otavio de Noronha, chegou a 5\u00d71 o placar no Tribunal Superior Eleitoral pela impugna\u00e7\u00e3o da candidatura de Jos\u00e9 Roberto Arruda (PR) ao governo do Distrito Federal. A defesa do pol\u00edtico disse que pretende recorrer primeiro ao pr\u00f3prio TSE, com \u201cembargos de declara\u00e7\u00e3o\u201d, e depois, \u201cse necess\u00e1rio\u201d, ao Supremo Tribunal [&hellip;]<\/p>\n","protected":false},"author":2,"featured_media":0,"comment_status":"open","ping_status":"open","sticky":false,"template":"","format":"standard","meta":{"footnotes":"","_links_to":"","_links_to_target":""},"categories":[1],"tags":[],"class_list":["post-40782","post","type-post","status-publish","format-standard","hentry","category-geral"],"views":1344,"_links":{"self":[{"href":"https:\/\/www.sudoestehoje.com.br\/novoportal\/wp-json\/wp\/v2\/posts\/40782","targetHints":{"allow":["GET"]}}],"collection":[{"href":"https:\/\/www.sudoestehoje.com.br\/novoportal\/wp-json\/wp\/v2\/posts"}],"about":[{"href":"https:\/\/www.sudoestehoje.com.br\/novoportal\/wp-json\/wp\/v2\/types\/post"}],"author":[{"embeddable":true,"href":"https:\/\/www.sudoestehoje.com.br\/novoportal\/wp-json\/wp\/v2\/users\/2"}],"replies":[{"embeddable":true,"href":"https:\/\/www.sudoestehoje.com.br\/novoportal\/wp-json\/wp\/v2\/comments?post=40782"}],"version-history":[{"count":1,"href":"https:\/\/www.sudoestehoje.com.br\/novoportal\/wp-json\/wp\/v2\/posts\/40782\/revisions"}],"predecessor-version":[{"id":40784,"href":"https:\/\/www.sudoestehoje.com.br\/novoportal\/wp-json\/wp\/v2\/posts\/40782\/revisions\/40784"}],"wp:attachment":[{"href":"https:\/\/www.sudoestehoje.com.br\/novoportal\/wp-json\/wp\/v2\/media?parent=40782"}],"wp:term":[{"taxonomy":"category","embeddable":true,"href":"https:\/\/www.sudoestehoje.com.br\/novoportal\/wp-json\/wp\/v2\/categories?post=40782"},{"taxonomy":"post_tag","embeddable":true,"href":"https:\/\/www.sudoestehoje.com.br\/novoportal\/wp-json\/wp\/v2\/tags?post=40782"}],"curies":[{"name":"wp","href":"https:\/\/api.w.org\/{rel}","templated":true}]}}