
{"id":40776,"date":"2014-08-27T13:25:14","date_gmt":"2014-08-27T16:25:14","guid":{"rendered":"http:\/\/www.sudoestehoje.com.br\/novoportal\/?p=40776"},"modified":"2014-08-27T19:04:23","modified_gmt":"2014-08-27T22:04:23","slug":"ibope-mostra-paulo-souto-com-44-rui-com-15-e-lidice-com-9","status":"publish","type":"post","link":"https:\/\/www.sudoestehoje.com.br\/novoportal\/2014\/08\/27\/ibope-mostra-paulo-souto-com-44-rui-com-15-e-lidice-com-9\/","title":{"rendered":"IBOPE MOSTRA PAULO SOUTO COM 44%, RUI COM 15% E L\u00cdDICE COM 9%"},"content":{"rendered":"<p style=\"color: #707070;\"><a href=\"http:\/\/www.sudoestehoje.com.br\/novoportal\/wp-content\/uploads\/2014\/08\/candidatos_baianos_ao_governo_ft_bocaonews.jpg\"><img loading=\"lazy\" decoding=\"async\" class=\"aligncenter size-medium wp-image-40777\" src=\"http:\/\/www.sudoestehoje.com.br\/novoportal\/wp-content\/uploads\/2014\/08\/candidatos_baianos_ao_governo_ft_bocaonews-500x280.jpg\" alt=\"candidatos_baianos_ao_governo_ft_bocaonews\" width=\"500\" height=\"280\" srcset=\"https:\/\/www.sudoestehoje.com.br\/novoportal\/wp-content\/uploads\/2014\/08\/candidatos_baianos_ao_governo_ft_bocaonews-500x280.jpg 500w, https:\/\/www.sudoestehoje.com.br\/novoportal\/wp-content\/uploads\/2014\/08\/candidatos_baianos_ao_governo_ft_bocaonews-700x392.jpg 700w, https:\/\/www.sudoestehoje.com.br\/novoportal\/wp-content\/uploads\/2014\/08\/candidatos_baianos_ao_governo_ft_bocaonews.jpg 792w\" sizes=\"auto, (max-width: 500px) 100vw, 500px\" \/><\/a><\/p>\n<p>A TV Bahia divulgou h\u00e1 pouco o resultado de uma nova pesquisa para o governo baiano, a primeira ap\u00f3s o in\u00edcio do hor\u00e1rio eleitoral.<\/p>\n<p>De acordo com o levantamento, o ex-governador Paulo Souto saltou de 42% para 44% das inten\u00e7\u00f5es de voto em rela\u00e7\u00e3o \u00e0 \u00faltima pesquisa. Rui Costa saiu de 8% para 15%, enquanto L\u00eddice da Mata oscilou de 11% para 9%.<\/p>\n<p>Paulo Souto (DEM)\u00a0\u2013 44%<br \/>\nRui Costa (PT)\u00a0\u2013 15%<br \/>\nL\u00eddice da Mata (PSB)\u00a0-9%<br \/>\nMarcos Mendes (PSOL)\u00a0\u2013 0%<br \/>\nRenata Mallet (PSTU)\u00a0\u2013 1%<br \/>\nDa Luz (PRTB)\u00a0\u2013 1%<br \/>\nBrancos e Nulos\u00a0\u2013 16%<br \/>\nIndecisos\u00a0\u2013 14%<\/p>\n<p>A pesquisa foi feita no per\u00edodo de 23 a 25 de agosto, ouvindo\u00a0 1.008\u00a0 eleitores. A margem de erro \u00e9 de 3 pontos percentuais. Souto e L\u00eddice empatam quando o item \u00e9 rejei\u00e7\u00e3o aos candidatos.<\/p>\n<p>Paulo Souto (DEM) \u2013 20%<br \/>\nRui Costa (PT) \u2013 17%<br \/>\nL\u00eddice da Mata (PSB) \u2013 20%<br \/>\nMarcos Mendes (PSOL) -15%<br \/>\nRenata Mallet (PSTU) \u2013 15%<br \/>\nDa Luz (PRTB) \u2013 21%<\/p>\n","protected":false},"excerpt":{"rendered":"<p>A TV Bahia divulgou h\u00e1 pouco o resultado de uma nova pesquisa para o governo baiano, a primeira ap\u00f3s o in\u00edcio do hor\u00e1rio eleitoral. De acordo com o levantamento, o ex-governador Paulo Souto saltou de 42% para 44% das inten\u00e7\u00f5es de voto em rela\u00e7\u00e3o \u00e0 \u00faltima pesquisa. Rui Costa saiu de 8% para 15%, enquanto [&hellip;]<\/p>\n","protected":false},"author":2,"featured_media":0,"comment_status":"open","ping_status":"open","sticky":false,"template":"","format":"standard","meta":{"footnotes":"","_links_to":"","_links_to_target":""},"categories":[1],"tags":[],"class_list":["post-40776","post","type-post","status-publish","format-standard","hentry","category-geral"],"views":1054,"_links":{"self":[{"href":"https:\/\/www.sudoestehoje.com.br\/novoportal\/wp-json\/wp\/v2\/posts\/40776","targetHints":{"allow":["GET"]}}],"collection":[{"href":"https:\/\/www.sudoestehoje.com.br\/novoportal\/wp-json\/wp\/v2\/posts"}],"about":[{"href":"https:\/\/www.sudoestehoje.com.br\/novoportal\/wp-json\/wp\/v2\/types\/post"}],"author":[{"embeddable":true,"href":"https:\/\/www.sudoestehoje.com.br\/novoportal\/wp-json\/wp\/v2\/users\/2"}],"replies":[{"embeddable":true,"href":"https:\/\/www.sudoestehoje.com.br\/novoportal\/wp-json\/wp\/v2\/comments?post=40776"}],"version-history":[{"count":4,"href":"https:\/\/www.sudoestehoje.com.br\/novoportal\/wp-json\/wp\/v2\/posts\/40776\/revisions"}],"predecessor-version":[{"id":40781,"href":"https:\/\/www.sudoestehoje.com.br\/novoportal\/wp-json\/wp\/v2\/posts\/40776\/revisions\/40781"}],"wp:attachment":[{"href":"https:\/\/www.sudoestehoje.com.br\/novoportal\/wp-json\/wp\/v2\/media?parent=40776"}],"wp:term":[{"taxonomy":"category","embeddable":true,"href":"https:\/\/www.sudoestehoje.com.br\/novoportal\/wp-json\/wp\/v2\/categories?post=40776"},{"taxonomy":"post_tag","embeddable":true,"href":"https:\/\/www.sudoestehoje.com.br\/novoportal\/wp-json\/wp\/v2\/tags?post=40776"}],"curies":[{"name":"wp","href":"https:\/\/api.w.org\/{rel}","templated":true}]}}