
{"id":4068,"date":"2011-03-29T22:31:38","date_gmt":"2011-03-30T01:31:38","guid":{"rendered":"http:\/\/www.sudoestehoje.com.br\/novoportal\/?p=4068"},"modified":"2011-03-29T22:31:38","modified_gmt":"2011-03-30T01:31:38","slug":"geladeiras-da-coelba","status":"publish","type":"post","link":"https:\/\/www.sudoestehoje.com.br\/novoportal\/2011\/03\/29\/geladeiras-da-coelba\/","title":{"rendered":"GELADEIRAS DA COELBA!"},"content":{"rendered":"<p style=\"text-align: center;\"><a id=\"apf0\" href=\"http:\/\/www.google.com.br\/imgres?imgurl=http:\/\/www.jornalnovafronteira.com.br\/userfiles\/fotos\/220100305161842.jpg&amp;imgrefurl=http:\/\/www.jornalnovafronteira.com.br\/%3Fp%3DMConteudo%26i%3D634&amp;usg=__vkjlt7wSS7cjc2mJSxdD8Ekrjr8=&amp;h=332&amp;w=500&amp;sz=22&amp;hl=pt-br&amp;start=1&amp;zoom=1&amp;um=1&amp;itbs=1&amp;tbnid=g73YvUy82I_OMM:&amp;tbnh=86&amp;tbnw=130&amp;prev=\/images%3Fq%3Dcoelba%2Bgeladeiras%26um%3D1%26hl%3Dpt-br%26sa%3DN%26rlz%3D1R2ADBS_pt-BRBR354%26tbs%3Disch:1&amp;ei=qoeSTbihK-y80QHr0sjNBw\"><img loading=\"lazy\" decoding=\"async\" id=\"ipfg73YvUy82I_OMM:\" class=\"aligncenter\" src=\"http:\/\/t0.gstatic.com\/images?q=tbn:ANd9GcSPAAqwiQ4osKlmYdoaH5_aa4CTNWTn7X8shSek3ERK_B-ZHEXrcrPT4TZE\" alt=\"\" width=\"130\" height=\"86\" \/><\/a><\/p>\n<p>O senso de oportunismo e\u00a0cara-de-pau do prefeito Z\u00e9 Carlos e seus seguidores, chega ao ponto do rid\u00edculo. Os caras nunca perdem a oportunidade de pongar nas obras alheias, sejam elas do governo federal, estadual ou at\u00e9 de empresas privadas. Outro dia, Z\u00e9 Carlos ficou sabendo, atrav\u00e9s do programa de Edilson Lima, \u00a0que a Azal\u00e9ia havia distribuido 5 mil pares de t\u00eanis para a popula\u00e7\u00e3o\u00a0e ficou enciumado por n\u00e3o ter sido chamado para &#8216;ajudar&#8217; na distribui\u00e7\u00e3o e faturar politicamente. Agora, na maior cara-de-pau, ponga na distribui\u00e7\u00e3o de geladeiras feita pela Coelba, como se o m\u00e9rito fosse seu. Como diz um velho ditado, &#8221; quem n\u00e3o tem p&#8230;, goza com o dos outros&#8221;. T\u00e1 dito.<\/p>\n","protected":false},"excerpt":{"rendered":"<p>O senso de oportunismo e\u00a0cara-de-pau do prefeito Z\u00e9 Carlos e seus seguidores, chega ao ponto do rid\u00edculo. Os caras nunca perdem a oportunidade de pongar nas obras alheias, sejam elas do governo federal, estadual ou at\u00e9 de empresas privadas. Outro dia, Z\u00e9 Carlos ficou sabendo, atrav\u00e9s do programa de Edilson Lima, \u00a0que a Azal\u00e9ia havia [&hellip;]<\/p>\n","protected":false},"author":2,"featured_media":0,"comment_status":"open","ping_status":"open","sticky":false,"template":"","format":"standard","meta":{"footnotes":"","_links_to":"","_links_to_target":""},"categories":[11],"tags":[],"class_list":["post-4068","post","type-post","status-publish","format-standard","hentry","category-quentinhas"],"views":1140,"_links":{"self":[{"href":"https:\/\/www.sudoestehoje.com.br\/novoportal\/wp-json\/wp\/v2\/posts\/4068","targetHints":{"allow":["GET"]}}],"collection":[{"href":"https:\/\/www.sudoestehoje.com.br\/novoportal\/wp-json\/wp\/v2\/posts"}],"about":[{"href":"https:\/\/www.sudoestehoje.com.br\/novoportal\/wp-json\/wp\/v2\/types\/post"}],"author":[{"embeddable":true,"href":"https:\/\/www.sudoestehoje.com.br\/novoportal\/wp-json\/wp\/v2\/users\/2"}],"replies":[{"embeddable":true,"href":"https:\/\/www.sudoestehoje.com.br\/novoportal\/wp-json\/wp\/v2\/comments?post=4068"}],"version-history":[{"count":2,"href":"https:\/\/www.sudoestehoje.com.br\/novoportal\/wp-json\/wp\/v2\/posts\/4068\/revisions"}],"predecessor-version":[{"id":4070,"href":"https:\/\/www.sudoestehoje.com.br\/novoportal\/wp-json\/wp\/v2\/posts\/4068\/revisions\/4070"}],"wp:attachment":[{"href":"https:\/\/www.sudoestehoje.com.br\/novoportal\/wp-json\/wp\/v2\/media?parent=4068"}],"wp:term":[{"taxonomy":"category","embeddable":true,"href":"https:\/\/www.sudoestehoje.com.br\/novoportal\/wp-json\/wp\/v2\/categories?post=4068"},{"taxonomy":"post_tag","embeddable":true,"href":"https:\/\/www.sudoestehoje.com.br\/novoportal\/wp-json\/wp\/v2\/tags?post=4068"}],"curies":[{"name":"wp","href":"https:\/\/api.w.org\/{rel}","templated":true}]}}