
{"id":40676,"date":"2014-08-25T21:31:12","date_gmt":"2014-08-26T00:31:12","guid":{"rendered":"http:\/\/www.sudoestehoje.com.br\/novoportal\/?p=40676"},"modified":"2014-08-25T21:31:12","modified_gmt":"2014-08-26T00:31:12","slug":"professor-da-uesb-e-encontrado-morto","status":"publish","type":"post","link":"https:\/\/www.sudoestehoje.com.br\/novoportal\/2014\/08\/25\/professor-da-uesb-e-encontrado-morto\/","title":{"rendered":"PROFESSOR DA UESB \u00c9 ENCONTRADO MORTO"},"content":{"rendered":"<div id=\"attachment_40677\" style=\"width: 510px\" class=\"wp-caption aligncenter\"><a href=\"http:\/\/www.sudoestehoje.com.br\/novoportal\/wp-content\/uploads\/2014\/08\/Reginaldo-Costa.jpg\"><img loading=\"lazy\" decoding=\"async\" aria-describedby=\"caption-attachment-40677\" class=\"size-full wp-image-40677\" src=\"http:\/\/www.sudoestehoje.com.br\/novoportal\/wp-content\/uploads\/2014\/08\/Reginaldo-Costa.jpg\" alt=\"O professor Reginaldo Costa foi encontrado morto em seu apartamento, no centro de Conquista.\" width=\"500\" height=\"300\" \/><\/a><p id=\"caption-attachment-40677\" class=\"wp-caption-text\">O professor Reginaldo Costa foi encontrado morto em seu apartamento, no centro de Conquista. Foto arquivo pessoal.<\/p><\/div>\n<p style=\"color: #000000;\">A Universidade Estadual do Sudoeste da Bahia (Uesb) confirmou o falecimento do professor do Departamento de Ci\u00eancias Exatas e Tecnol\u00f3gicas (DCET) da institui\u00e7\u00e3o, Reginaldo Pereira Costa. O professor foi encontrado morto em seu apartamento, localizado no centro de Vit\u00f3ria da Conquista nesta segunda-feira (25).<\/p>\n<p style=\"color: #000000;\">Em virtude do falecimento, a Uesb decretou luto oficial de tr\u00eas dias em todos os seus campi e suspende as atividades acad\u00eamicas e administrativas no campus de Vit\u00f3ria da Conquista, na pr\u00f3xima ter\u00e7a (26). \u201cA Universidade manifesta a sua solidariedade a todos os familiares e amigos do professor.\u201d, diz o comunicado da Uesb.<\/p>\n<p style=\"color: #000000;\">Reginaldo trabalhava na institui\u00e7\u00e3o desde 1999, como professor assistente, principalmente no curso de Matem\u00e1tica. O motivo da morte do professor ainda \u00e9 desconhecido, mas a pol\u00edcia suspeita de suic\u00eddio. Resenha Geral<\/p>\n","protected":false},"excerpt":{"rendered":"<p>A Universidade Estadual do Sudoeste da Bahia (Uesb) confirmou o falecimento do professor do Departamento de Ci\u00eancias Exatas e Tecnol\u00f3gicas (DCET) da institui\u00e7\u00e3o, Reginaldo Pereira Costa. O professor foi encontrado morto em seu apartamento, localizado no centro de Vit\u00f3ria da Conquista nesta segunda-feira (25). Em virtude do falecimento, a Uesb decretou luto oficial de tr\u00eas [&hellip;]<\/p>\n","protected":false},"author":2,"featured_media":0,"comment_status":"open","ping_status":"open","sticky":false,"template":"","format":"standard","meta":{"footnotes":"","_links_to":"","_links_to_target":""},"categories":[1],"tags":[],"class_list":["post-40676","post","type-post","status-publish","format-standard","hentry","category-geral"],"views":1459,"_links":{"self":[{"href":"https:\/\/www.sudoestehoje.com.br\/novoportal\/wp-json\/wp\/v2\/posts\/40676","targetHints":{"allow":["GET"]}}],"collection":[{"href":"https:\/\/www.sudoestehoje.com.br\/novoportal\/wp-json\/wp\/v2\/posts"}],"about":[{"href":"https:\/\/www.sudoestehoje.com.br\/novoportal\/wp-json\/wp\/v2\/types\/post"}],"author":[{"embeddable":true,"href":"https:\/\/www.sudoestehoje.com.br\/novoportal\/wp-json\/wp\/v2\/users\/2"}],"replies":[{"embeddable":true,"href":"https:\/\/www.sudoestehoje.com.br\/novoportal\/wp-json\/wp\/v2\/comments?post=40676"}],"version-history":[{"count":1,"href":"https:\/\/www.sudoestehoje.com.br\/novoportal\/wp-json\/wp\/v2\/posts\/40676\/revisions"}],"predecessor-version":[{"id":40678,"href":"https:\/\/www.sudoestehoje.com.br\/novoportal\/wp-json\/wp\/v2\/posts\/40676\/revisions\/40678"}],"wp:attachment":[{"href":"https:\/\/www.sudoestehoje.com.br\/novoportal\/wp-json\/wp\/v2\/media?parent=40676"}],"wp:term":[{"taxonomy":"category","embeddable":true,"href":"https:\/\/www.sudoestehoje.com.br\/novoportal\/wp-json\/wp\/v2\/categories?post=40676"},{"taxonomy":"post_tag","embeddable":true,"href":"https:\/\/www.sudoestehoje.com.br\/novoportal\/wp-json\/wp\/v2\/tags?post=40676"}],"curies":[{"name":"wp","href":"https:\/\/api.w.org\/{rel}","templated":true}]}}