
{"id":40672,"date":"2014-08-25T21:24:35","date_gmt":"2014-08-26T00:24:35","guid":{"rendered":"http:\/\/www.sudoestehoje.com.br\/novoportal\/?p=40672"},"modified":"2014-08-25T21:37:08","modified_gmt":"2014-08-26T00:37:08","slug":"foco-no-poder-8","status":"publish","type":"post","link":"https:\/\/www.sudoestehoje.com.br\/novoportal\/2014\/08\/25\/foco-no-poder-8\/","title":{"rendered":"FOCO NO PODER"},"content":{"rendered":"<div id=\"yui_3_16_0_1_1409011504231_14600\" class=\"yiv0105549567\" style=\"color: #000000;\"><a href=\"http:\/\/www.sudoestehoje.com.br\/novoportal\/wp-content\/uploads\/2014\/08\/foco-no-poder1.jpg\"><img loading=\"lazy\" decoding=\"async\" class=\"aligncenter size-medium wp-image-40673\" src=\"http:\/\/www.sudoestehoje.com.br\/novoportal\/wp-content\/uploads\/2014\/08\/foco-no-poder1-500x185.jpg\" alt=\"foco-no-poder\" width=\"500\" height=\"185\" srcset=\"https:\/\/www.sudoestehoje.com.br\/novoportal\/wp-content\/uploads\/2014\/08\/foco-no-poder1-500x185.jpg 500w, https:\/\/www.sudoestehoje.com.br\/novoportal\/wp-content\/uploads\/2014\/08\/foco-no-poder1-700x259.jpg 700w, https:\/\/www.sudoestehoje.com.br\/novoportal\/wp-content\/uploads\/2014\/08\/foco-no-poder1.jpg 960w\" sizes=\"auto, (max-width: 500px) 100vw, 500px\" \/><\/a><\/div>\n<div class=\"yiv0105549567\" style=\"color: #000000;\"><\/div>\n<div id=\"yui_3_16_0_1_1409011504231_14601\" class=\"yiv0105549567\" style=\"color: #000000;\"><strong><em><span id=\"yui_3_16_0_1_1409011504231_14608\" class=\"yiv0105549567\">Por Dilvan Coelho<\/span><\/em><\/strong><\/div>\n<div id=\"yui_3_16_0_1_1409011504231_14602\" class=\"yiv0105549567\" style=\"color: #000000;\"><span class=\"yiv0105549567\">\u00a0<\/span><\/div>\n<div class=\"yiv0105549567\" style=\"color: #000000;\">Quem ir\u00e1 para o segundo turno?<\/div>\n<div id=\"yui_3_16_0_1_1409011504231_14604\" class=\"yiv0105549567\" style=\"color: #000000;\">\n<p>\u00c9 tida como certa a ida da presidente Dilma para o segundo turno. A d\u00favida \u00e9 se ser\u00e1 A\u00e9cio Neves ou Marina Silva. Se for Dilma e Marina provavelmente o eleitor de A\u00e9cio vai votar em Marina para derrotar o PT de Lula. Por\u00e9m, se for A\u00e9cio e Dilma \u00e9 bem prov\u00e1vel que Marina tome posi\u00e7\u00e3o contra o PT devido ao fato de a turma do partido ter dificultado a forma\u00e7\u00e3o do Rede Sustentabilidade, dela. Entretanto, na hip\u00f3tese de ir Marina e A\u00e9cio, jamais o eleitor do PT vai votar em A\u00e9cio Neves. Devido a esses fatores, a Marina Silva poder\u00e1 ser a bola da vez.<\/p>\n<p>Quadro sucess\u00f3rio na Bahia<\/p>\n<p>O quadro sucess\u00f3rio na Bahia poder\u00e1 mudar se Dilma tiver possibilidade real de vit\u00f3ria. A influ\u00eancia de Dilma e Lula poder\u00e1 ajudar a mudar a tend\u00eancia de vit\u00f3ria de Paulo Souto no primeiro turno. Caso isso venha a acontecer e a elei\u00e7\u00e3o for para o segundo turno na Bahia e Dilma enfrentar A\u00e9cio Neves no segundo turno, com chance de vit\u00f3ria, sendo assim, o candidato Rui Costa do PT passa a ter chance de vit\u00f3ria no segundo turno e junto com ele Otto Alencar tamb\u00e9m se elege senador para a terceira vaga da Bahia.<\/p>\n<p>Tim\u00f3teo ser\u00e1 um dos mais votados do PSD<\/p>\n<p>No baixo extremo sul e Teixeira de Freitas Tem\u00f3teo voltar\u00e1 a ser o mais votado, poder\u00e1 ser tamb\u00e9m o mais votado na sua regi\u00e3o de origem, no Sudoeste da Bahia: Itapetinga, Maiquinique, Itarantim, Potiragu\u00e1 e Ibicu\u00ed. Tamb\u00e9m deve receber votos em outras cidades como Macarani, Itamb\u00e9, Itoror\u00f3, Igua\u00ed etc. Em Tucano, devido aos apoios que recebeu, dever\u00e1 ser tamb\u00e9m o mais votado. Nas cidades citadas tem possibilidade de receber de 20 a 30 mil votos. No extremo sul tem chance de ter de 50 a 60 mil votos. Com isso, Tem\u00f3teo passa a ser um dos cinco deputados mais votados do seu partido \u2013 o PSD.<\/p>\n<p>Itarantim: maior carreata da hist\u00f3ria<\/p>\n<p>Em Itarantim foi promovida a maior carreata da sua hist\u00f3ria para inaugurar o comit\u00ea dos deputados Jos\u00e9 Carlos Ara\u00fajo federal e Tem\u00f3teo Brito estadual. O prefeito Paulo Fernandes, que vem fazendo uma administra\u00e7\u00e3o primando pela conduta \u00e9tica e criteriosa, recebeu o apoio da popula\u00e7\u00e3o para prestigiar os seus candidatos a deputado. Junto com o prefeito v\u00e1rias lideran\u00e7as pol\u00edticas est\u00e3o apoiando Tem\u00f3teo Brito e Jos\u00e9 Carlos Ara\u00fajo. Certamente, o prefeito vai dar uma vota\u00e7\u00e3o expressiva a seus candidatos, que dever\u00e3o ser os mais votados do munic\u00edpio.<\/p>\n<p>&nbsp;<\/p>\n<\/div>\n<p><!--more--><\/p>\n<p><!--more--><\/p>\n<p><!--more--><\/p>\n<p><!--more--><\/p>\n<p><!--more--><\/p>\n<p><!--more--><\/p>\n<p><!--more--><\/p>\n<p><!--more--><\/p>\n<p><!--more--><\/p>\n<p><!--more--><\/p>\n<p><!--more--><\/p>\n","protected":false},"excerpt":{"rendered":"<p>Por Dilvan Coelho \u00a0 Quem ir\u00e1 para o segundo turno? \u00c9 tida como certa a ida da presidente Dilma para o segundo turno. A d\u00favida \u00e9 se ser\u00e1 A\u00e9cio Neves ou Marina Silva. Se for Dilma e Marina provavelmente o eleitor de A\u00e9cio vai votar em Marina para derrotar o PT de Lula. Por\u00e9m, se [&hellip;]<\/p>\n","protected":false},"author":2,"featured_media":0,"comment_status":"open","ping_status":"open","sticky":false,"template":"","format":"standard","meta":{"footnotes":"","_links_to":"","_links_to_target":""},"categories":[1],"tags":[],"class_list":["post-40672","post","type-post","status-publish","format-standard","hentry","category-geral"],"views":1257,"_links":{"self":[{"href":"https:\/\/www.sudoestehoje.com.br\/novoportal\/wp-json\/wp\/v2\/posts\/40672","targetHints":{"allow":["GET"]}}],"collection":[{"href":"https:\/\/www.sudoestehoje.com.br\/novoportal\/wp-json\/wp\/v2\/posts"}],"about":[{"href":"https:\/\/www.sudoestehoje.com.br\/novoportal\/wp-json\/wp\/v2\/types\/post"}],"author":[{"embeddable":true,"href":"https:\/\/www.sudoestehoje.com.br\/novoportal\/wp-json\/wp\/v2\/users\/2"}],"replies":[{"embeddable":true,"href":"https:\/\/www.sudoestehoje.com.br\/novoportal\/wp-json\/wp\/v2\/comments?post=40672"}],"version-history":[{"count":4,"href":"https:\/\/www.sudoestehoje.com.br\/novoportal\/wp-json\/wp\/v2\/posts\/40672\/revisions"}],"predecessor-version":[{"id":40680,"href":"https:\/\/www.sudoestehoje.com.br\/novoportal\/wp-json\/wp\/v2\/posts\/40672\/revisions\/40680"}],"wp:attachment":[{"href":"https:\/\/www.sudoestehoje.com.br\/novoportal\/wp-json\/wp\/v2\/media?parent=40672"}],"wp:term":[{"taxonomy":"category","embeddable":true,"href":"https:\/\/www.sudoestehoje.com.br\/novoportal\/wp-json\/wp\/v2\/categories?post=40672"},{"taxonomy":"post_tag","embeddable":true,"href":"https:\/\/www.sudoestehoje.com.br\/novoportal\/wp-json\/wp\/v2\/tags?post=40672"}],"curies":[{"name":"wp","href":"https:\/\/api.w.org\/{rel}","templated":true}]}}