
{"id":40664,"date":"2014-08-25T08:57:57","date_gmt":"2014-08-25T11:57:57","guid":{"rendered":"http:\/\/www.sudoestehoje.com.br\/novoportal\/?p=40664"},"modified":"2014-08-25T08:57:57","modified_gmt":"2014-08-25T11:57:57","slug":"cancelamento-do-desfile-de-7-de-setembro-causa-prejuizos-ao-comercio","status":"publish","type":"post","link":"https:\/\/www.sudoestehoje.com.br\/novoportal\/2014\/08\/25\/cancelamento-do-desfile-de-7-de-setembro-causa-prejuizos-ao-comercio\/","title":{"rendered":"CANCELAMENTO DO DESFILE DE 7 DE SETEMBRO CAUSA PREJU\u00cdZOS AO COM\u00c9RCIO"},"content":{"rendered":"<div id=\"attachment_40665\" style=\"width: 515px\" class=\"wp-caption aligncenter\"><a href=\"http:\/\/www.sudoestehoje.com.br\/novoportal\/wp-content\/uploads\/2014\/08\/costureiras.jpg\"><img loading=\"lazy\" decoding=\"async\" aria-describedby=\"caption-attachment-40665\" class=\" wp-image-40665\" src=\"http:\/\/www.sudoestehoje.com.br\/novoportal\/wp-content\/uploads\/2014\/08\/costureiras.jpg\" alt=\"Setor de corte e costura ficou no preju\u00edzo, em decorr\u00eancia do cancelamento do desfile de 7 de setembro, de onde tiravam parte do seu sustento.\" width=\"505\" height=\"324\" \/><\/a><p id=\"caption-attachment-40665\" class=\"wp-caption-text\">Setor de corte e costura ficou no preju\u00edzo, em decorr\u00eancia do cancelamento do desfile de 7 de setembro, de onde tiravam parte do seu sustento. Foto divulga\u00e7\u00e3o<\/p><\/div>\n<p>ITAPETINGA: Como se n\u00e3o bastasse a frustra\u00e7\u00e3o de pais e alunos pela desastrada decis\u00e3o do prefeito e sua exc\u00eantrica secret\u00e1ria de educa\u00e7\u00e3o, o cancelamento do tradicional desfile de 7 de Setembro tamb\u00e9m criou um s\u00e9rio problema em alguns setores do com\u00e9rcio local, que j\u00e1 est\u00e1 computando os preju\u00edzos.<\/p>\n<p>Segundo alguns comerciantes, o cancelamento de \u00faltima hora resultou em preju\u00edzos para as lojas de fardamento, cal\u00e7ados, costureiras, armarinhos e at\u00e9 vendedores ambulantes, que tradicionalmente atuavam durantes os desfiles, vendendo lanches e refrigerantes, sem falar dos estabelecimentos comerciais pr\u00f3ximos ao circuito do desfile, que tamb\u00e9m faturavam com a evento c\u00edvico.<\/p>\n<p>Um conhecido comerciante, que atua h\u00e1 d\u00e9cadas no ramos de fardamento escolar, informou ao Sudoeste Hoje que j\u00e1 havia comprado uma grande quantidade de malhas e tecidos para confec\u00e7\u00e3o de roupas para o desfile, e que ao saber do cancelamento, dispensou os servi\u00e7os das costureiras e oficinas de pinturas, que prestavam servi\u00e7os \u00e0s suas lojas. Estima-se que cerca de 200 profissionais atuem no ramo de costura, pintura e vendas de fardamentos, em Itapetinga.<\/p>\n<p>\u00c9 bom lembrar que o cancelamento in\u00e9dito do desfile ocorreu porque o prefeito Z\u00e9 Carlos ficou com medo dos protestos do Gritos dos Exclu\u00eddos, sem contar com a total incapacidade da secret\u00e1ria de educa\u00e7\u00e3o Sibele Shirley de organizar o evento.<\/p>\n<p>Uma verdadeira l\u00e1stima&#8230;<\/p>\n<p><strong><em>Por Davi Ferraz<\/em><\/strong><\/p>\n","protected":false},"excerpt":{"rendered":"<p>ITAPETINGA: Como se n\u00e3o bastasse a frustra\u00e7\u00e3o de pais e alunos pela desastrada decis\u00e3o do prefeito e sua exc\u00eantrica secret\u00e1ria de educa\u00e7\u00e3o, o cancelamento do tradicional desfile de 7 de Setembro tamb\u00e9m criou um s\u00e9rio problema em alguns setores do com\u00e9rcio local, que j\u00e1 est\u00e1 computando os preju\u00edzos. Segundo alguns comerciantes, o cancelamento de \u00faltima [&hellip;]<\/p>\n","protected":false},"author":2,"featured_media":0,"comment_status":"open","ping_status":"open","sticky":false,"template":"","format":"standard","meta":{"footnotes":"","_links_to":"","_links_to_target":""},"categories":[1],"tags":[],"class_list":["post-40664","post","type-post","status-publish","format-standard","hentry","category-geral"],"views":1384,"_links":{"self":[{"href":"https:\/\/www.sudoestehoje.com.br\/novoportal\/wp-json\/wp\/v2\/posts\/40664","targetHints":{"allow":["GET"]}}],"collection":[{"href":"https:\/\/www.sudoestehoje.com.br\/novoportal\/wp-json\/wp\/v2\/posts"}],"about":[{"href":"https:\/\/www.sudoestehoje.com.br\/novoportal\/wp-json\/wp\/v2\/types\/post"}],"author":[{"embeddable":true,"href":"https:\/\/www.sudoestehoje.com.br\/novoportal\/wp-json\/wp\/v2\/users\/2"}],"replies":[{"embeddable":true,"href":"https:\/\/www.sudoestehoje.com.br\/novoportal\/wp-json\/wp\/v2\/comments?post=40664"}],"version-history":[{"count":2,"href":"https:\/\/www.sudoestehoje.com.br\/novoportal\/wp-json\/wp\/v2\/posts\/40664\/revisions"}],"predecessor-version":[{"id":40667,"href":"https:\/\/www.sudoestehoje.com.br\/novoportal\/wp-json\/wp\/v2\/posts\/40664\/revisions\/40667"}],"wp:attachment":[{"href":"https:\/\/www.sudoestehoje.com.br\/novoportal\/wp-json\/wp\/v2\/media?parent=40664"}],"wp:term":[{"taxonomy":"category","embeddable":true,"href":"https:\/\/www.sudoestehoje.com.br\/novoportal\/wp-json\/wp\/v2\/categories?post=40664"},{"taxonomy":"post_tag","embeddable":true,"href":"https:\/\/www.sudoestehoje.com.br\/novoportal\/wp-json\/wp\/v2\/tags?post=40664"}],"curies":[{"name":"wp","href":"https:\/\/api.w.org\/{rel}","templated":true}]}}