
{"id":40658,"date":"2014-08-28T21:33:41","date_gmt":"2014-08-29T00:33:41","guid":{"rendered":"http:\/\/www.sudoestehoje.com.br\/novoportal\/?p=40658"},"modified":"2014-08-28T22:24:57","modified_gmt":"2014-08-29T01:24:57","slug":"comicio-de-paulo-souto-em-itapetinga","status":"publish","type":"post","link":"https:\/\/www.sudoestehoje.com.br\/novoportal\/2014\/08\/28\/comicio-de-paulo-souto-em-itapetinga\/","title":{"rendered":"COM\u00cdCIO DE PAULO SOUTO EM ITAPETINGA"},"content":{"rendered":"<p><a href=\"http:\/\/www.sudoestehoje.com.br\/novoportal\/wp-content\/uploads\/2014\/08\/Banner-Paulo-Souto-na-Estrada-Itapetinga.jpg\"><img loading=\"lazy\" decoding=\"async\" class=\"aligncenter size-medium wp-image-40837\" src=\"http:\/\/www.sudoestehoje.com.br\/novoportal\/wp-content\/uploads\/2014\/08\/Banner-Paulo-Souto-na-Estrada-Itapetinga-500x376.jpg\" alt=\"Banner Paulo Souto na Estrada - Itapetinga\" width=\"500\" height=\"376\" srcset=\"https:\/\/www.sudoestehoje.com.br\/novoportal\/wp-content\/uploads\/2014\/08\/Banner-Paulo-Souto-na-Estrada-Itapetinga-500x376.jpg 500w, https:\/\/www.sudoestehoje.com.br\/novoportal\/wp-content\/uploads\/2014\/08\/Banner-Paulo-Souto-na-Estrada-Itapetinga.jpg 588w\" sizes=\"auto, (max-width: 500px) 100vw, 500px\" \/><\/a><\/p>\n<p style=\"text-align: center;\">\u00a0<strong><span style=\"color: #000000;\">A comitiva descer\u00e1 em Vit\u00f3ria da Conquista e n\u00e3o em Itapetinga. Por isto, a carreata come\u00e7ar\u00e1 por Itamb\u00e9 e n\u00e3o por Caatiba.<\/span><\/strong><\/p>\n","protected":false},"excerpt":{"rendered":"<p>\u00a0A comitiva descer\u00e1 em Vit\u00f3ria da Conquista e n\u00e3o em Itapetinga. Por isto, a carreata come\u00e7ar\u00e1 por Itamb\u00e9 e n\u00e3o por Caatiba.<\/p>\n","protected":false},"author":2,"featured_media":0,"comment_status":"open","ping_status":"open","sticky":false,"template":"","format":"standard","meta":{"footnotes":"","_links_to":"","_links_to_target":""},"categories":[1],"tags":[],"class_list":["post-40658","post","type-post","status-publish","format-standard","hentry","category-geral"],"views":1411,"_links":{"self":[{"href":"https:\/\/www.sudoestehoje.com.br\/novoportal\/wp-json\/wp\/v2\/posts\/40658","targetHints":{"allow":["GET"]}}],"collection":[{"href":"https:\/\/www.sudoestehoje.com.br\/novoportal\/wp-json\/wp\/v2\/posts"}],"about":[{"href":"https:\/\/www.sudoestehoje.com.br\/novoportal\/wp-json\/wp\/v2\/types\/post"}],"author":[{"embeddable":true,"href":"https:\/\/www.sudoestehoje.com.br\/novoportal\/wp-json\/wp\/v2\/users\/2"}],"replies":[{"embeddable":true,"href":"https:\/\/www.sudoestehoje.com.br\/novoportal\/wp-json\/wp\/v2\/comments?post=40658"}],"version-history":[{"count":5,"href":"https:\/\/www.sudoestehoje.com.br\/novoportal\/wp-json\/wp\/v2\/posts\/40658\/revisions"}],"predecessor-version":[{"id":40836,"href":"https:\/\/www.sudoestehoje.com.br\/novoportal\/wp-json\/wp\/v2\/posts\/40658\/revisions\/40836"}],"wp:attachment":[{"href":"https:\/\/www.sudoestehoje.com.br\/novoportal\/wp-json\/wp\/v2\/media?parent=40658"}],"wp:term":[{"taxonomy":"category","embeddable":true,"href":"https:\/\/www.sudoestehoje.com.br\/novoportal\/wp-json\/wp\/v2\/categories?post=40658"},{"taxonomy":"post_tag","embeddable":true,"href":"https:\/\/www.sudoestehoje.com.br\/novoportal\/wp-json\/wp\/v2\/tags?post=40658"}],"curies":[{"name":"wp","href":"https:\/\/api.w.org\/{rel}","templated":true}]}}