
{"id":40652,"date":"2014-08-24T14:18:16","date_gmt":"2014-08-24T17:18:16","guid":{"rendered":"http:\/\/www.sudoestehoje.com.br\/novoportal\/?p=40652"},"modified":"2014-08-24T14:18:45","modified_gmt":"2014-08-24T17:18:45","slug":"carreta-bate-em-aviao-na-br-o20","status":"publish","type":"post","link":"https:\/\/www.sudoestehoje.com.br\/novoportal\/2014\/08\/24\/carreta-bate-em-aviao-na-br-o20\/","title":{"rendered":"CARRETA BATE EM AVI\u00c3O NA BR-O20"},"content":{"rendered":"<p><a href=\"http:\/\/www.sudoestehoje.com.br\/novoportal\/wp-content\/uploads\/2014\/08\/avi\u00e3o.jpg\"><br \/>\n<\/a><a href=\"http:\/\/www.sudoestehoje.com.br\/novoportal\/wp-content\/uploads\/2014\/08\/carreta-bate-em-avi\u00e3o.jpg\"><img loading=\"lazy\" decoding=\"async\" class=\"aligncenter size-medium wp-image-40653\" src=\"http:\/\/www.sudoestehoje.com.br\/novoportal\/wp-content\/uploads\/2014\/08\/carreta-bate-em-avi\u00e3o-500x288.jpg\" alt=\"carreta bate em avi\u00e3o\" width=\"500\" height=\"288\" srcset=\"https:\/\/www.sudoestehoje.com.br\/novoportal\/wp-content\/uploads\/2014\/08\/carreta-bate-em-avi\u00e3o-500x288.jpg 500w, https:\/\/www.sudoestehoje.com.br\/novoportal\/wp-content\/uploads\/2014\/08\/carreta-bate-em-avi\u00e3o.jpg 650w\" sizes=\"auto, (max-width: 500px) 100vw, 500px\" \/><\/a> Uma carreta bateu contra um avi\u00e3o bimotor que estava sendo transportando por uma Hilux SW4 (Toyota) na BR-020. O acidente aconteceu pr\u00f3ximo \u00e0 entrada da cidade de Correntina (a 665 km de Salvador), no oeste baiano, neste s\u00e1bado, 23.<\/p>\n<p><a href=\"http:\/\/www.sudoestehoje.com.br\/novoportal\/wp-content\/uploads\/2014\/08\/avi\u00e3o.jpg\"><img loading=\"lazy\" decoding=\"async\" class=\"aligncenter size-medium wp-image-40655\" src=\"http:\/\/www.sudoestehoje.com.br\/novoportal\/wp-content\/uploads\/2014\/08\/avi\u00e3o-500x375.jpg\" alt=\"avi\u00e3o\" width=\"500\" height=\"375\" srcset=\"https:\/\/www.sudoestehoje.com.br\/novoportal\/wp-content\/uploads\/2014\/08\/avi\u00e3o-500x375.jpg 500w, https:\/\/www.sudoestehoje.com.br\/novoportal\/wp-content\/uploads\/2014\/08\/avi\u00e3o.jpg 640w\" sizes=\"auto, (max-width: 500px) 100vw, 500px\" \/><\/a><\/p>\n<p>Segundo informa\u00e7\u00f5es do Blog do Braga, o avi\u00e3o viajava em um reboque que destrelou e atingiu a carreta, que tombou na pista. Com o impacto, o motorista da Hilux SW4 perdeu o controle da dire\u00e7\u00e3o e capotou o ve\u00edculo. O condutor da carreta ficou ferido e chegou a ser socorrido, mas n\u00e3o h\u00e1 informa\u00e7\u00f5es sobre seu estado de sa\u00fade.<\/p>\n<p><a href=\"http:\/\/www.sudoestehoje.com.br\/novoportal\/wp-content\/uploads\/2014\/08\/carreta-avi\u00e3o.jpg\"><img loading=\"lazy\" decoding=\"async\" class=\"aligncenter size-medium wp-image-40654\" src=\"http:\/\/www.sudoestehoje.com.br\/novoportal\/wp-content\/uploads\/2014\/08\/carreta-avi\u00e3o-500x375.jpg\" alt=\"carreta avi\u00e3o\" width=\"500\" height=\"375\" srcset=\"https:\/\/www.sudoestehoje.com.br\/novoportal\/wp-content\/uploads\/2014\/08\/carreta-avi\u00e3o-500x375.jpg 500w, https:\/\/www.sudoestehoje.com.br\/novoportal\/wp-content\/uploads\/2014\/08\/carreta-avi\u00e3o.jpg 640w\" sizes=\"auto, (max-width: 500px) 100vw, 500px\" \/><\/a> A Pol\u00edcia Rodovi\u00e1ria Federal (PRF) informou que n\u00e3o foi acionada e, por isso, n\u00e3o possui informa\u00e7\u00f5es sobre o acidente. A Tarde<\/p>\n","protected":false},"excerpt":{"rendered":"<p>Uma carreta bateu contra um avi\u00e3o bimotor que estava sendo transportando por uma Hilux SW4 (Toyota) na BR-020. O acidente aconteceu pr\u00f3ximo \u00e0 entrada da cidade de Correntina (a 665 km de Salvador), no oeste baiano, neste s\u00e1bado, 23. Segundo informa\u00e7\u00f5es do Blog do Braga, o avi\u00e3o viajava em um reboque que destrelou e atingiu [&hellip;]<\/p>\n","protected":false},"author":2,"featured_media":0,"comment_status":"open","ping_status":"open","sticky":false,"template":"","format":"standard","meta":{"footnotes":"","_links_to":"","_links_to_target":""},"categories":[1],"tags":[],"class_list":["post-40652","post","type-post","status-publish","format-standard","hentry","category-geral"],"views":2463,"_links":{"self":[{"href":"https:\/\/www.sudoestehoje.com.br\/novoportal\/wp-json\/wp\/v2\/posts\/40652","targetHints":{"allow":["GET"]}}],"collection":[{"href":"https:\/\/www.sudoestehoje.com.br\/novoportal\/wp-json\/wp\/v2\/posts"}],"about":[{"href":"https:\/\/www.sudoestehoje.com.br\/novoportal\/wp-json\/wp\/v2\/types\/post"}],"author":[{"embeddable":true,"href":"https:\/\/www.sudoestehoje.com.br\/novoportal\/wp-json\/wp\/v2\/users\/2"}],"replies":[{"embeddable":true,"href":"https:\/\/www.sudoestehoje.com.br\/novoportal\/wp-json\/wp\/v2\/comments?post=40652"}],"version-history":[{"count":2,"href":"https:\/\/www.sudoestehoje.com.br\/novoportal\/wp-json\/wp\/v2\/posts\/40652\/revisions"}],"predecessor-version":[{"id":40657,"href":"https:\/\/www.sudoestehoje.com.br\/novoportal\/wp-json\/wp\/v2\/posts\/40652\/revisions\/40657"}],"wp:attachment":[{"href":"https:\/\/www.sudoestehoje.com.br\/novoportal\/wp-json\/wp\/v2\/media?parent=40652"}],"wp:term":[{"taxonomy":"category","embeddable":true,"href":"https:\/\/www.sudoestehoje.com.br\/novoportal\/wp-json\/wp\/v2\/categories?post=40652"},{"taxonomy":"post_tag","embeddable":true,"href":"https:\/\/www.sudoestehoje.com.br\/novoportal\/wp-json\/wp\/v2\/tags?post=40652"}],"curies":[{"name":"wp","href":"https:\/\/api.w.org\/{rel}","templated":true}]}}