
{"id":4063,"date":"2011-03-29T16:28:57","date_gmt":"2011-03-29T19:28:57","guid":{"rendered":"http:\/\/www.sudoestehoje.com.br\/novoportal\/?p=4063"},"modified":"2011-03-29T16:28:57","modified_gmt":"2011-03-29T19:28:57","slug":"fabio-souto-admite-candidatura-a-prefeito-de-ilheus","status":"publish","type":"post","link":"https:\/\/www.sudoestehoje.com.br\/novoportal\/2011\/03\/29\/fabio-souto-admite-candidatura-a-prefeito-de-ilheus\/","title":{"rendered":"F\u00c1BIO SOUTO ADMITE CANDIDATURA A PREFEITO DE ILH\u00c9US"},"content":{"rendered":"<p style=\"text-align: center;\"><strong><img decoding=\"async\" class=\"aligncenter\" src=\"http:\/\/www.bahianoticias.com.br\/fotos\/editor\/Image\/fabio_souto2.jpg\" alt=\"\" \/><\/strong><\/p>\n<p>\u00a0<\/p>\n<p>Em conversa na manh\u00e3 desta ter\u00e7a-feira (29) no Aeroporto Internacional de Salvador, com seus colegas da C\u00e2mara Federal, o deputado F\u00e1bio Souto (DEM) admitiu a possibilidade de candidatar-se a prefeito de ilh\u00e9us, no sul do estado.\u00a0Ele e seu pai, o ex-governador Paulo Souto (DEM), sempre tiveram uma forte base eleitoral na regi\u00e3o, j\u00e1 que l\u00e1 residiram por muito tempo. Caso ganhe, F\u00e1bio deixa o caminho aberto para o pai se candidatar a deputado federal, retomando, assim, a carreira pol\u00edtica.<\/p>\n","protected":false},"excerpt":{"rendered":"<p>\u00a0 Em conversa na manh\u00e3 desta ter\u00e7a-feira (29) no Aeroporto Internacional de Salvador, com seus colegas da C\u00e2mara Federal, o deputado F\u00e1bio Souto (DEM) admitiu a possibilidade de candidatar-se a prefeito de ilh\u00e9us, no sul do estado.\u00a0Ele e seu pai, o ex-governador Paulo Souto (DEM), sempre tiveram uma forte base eleitoral na regi\u00e3o, j\u00e1 que [&hellip;]<\/p>\n","protected":false},"author":2,"featured_media":0,"comment_status":"open","ping_status":"open","sticky":false,"template":"","format":"standard","meta":{"footnotes":"","_links_to":"","_links_to_target":""},"categories":[1],"tags":[],"class_list":["post-4063","post","type-post","status-publish","format-standard","hentry","category-geral"],"views":1289,"_links":{"self":[{"href":"https:\/\/www.sudoestehoje.com.br\/novoportal\/wp-json\/wp\/v2\/posts\/4063","targetHints":{"allow":["GET"]}}],"collection":[{"href":"https:\/\/www.sudoestehoje.com.br\/novoportal\/wp-json\/wp\/v2\/posts"}],"about":[{"href":"https:\/\/www.sudoestehoje.com.br\/novoportal\/wp-json\/wp\/v2\/types\/post"}],"author":[{"embeddable":true,"href":"https:\/\/www.sudoestehoje.com.br\/novoportal\/wp-json\/wp\/v2\/users\/2"}],"replies":[{"embeddable":true,"href":"https:\/\/www.sudoestehoje.com.br\/novoportal\/wp-json\/wp\/v2\/comments?post=4063"}],"version-history":[{"count":1,"href":"https:\/\/www.sudoestehoje.com.br\/novoportal\/wp-json\/wp\/v2\/posts\/4063\/revisions"}],"predecessor-version":[{"id":4064,"href":"https:\/\/www.sudoestehoje.com.br\/novoportal\/wp-json\/wp\/v2\/posts\/4063\/revisions\/4064"}],"wp:attachment":[{"href":"https:\/\/www.sudoestehoje.com.br\/novoportal\/wp-json\/wp\/v2\/media?parent=4063"}],"wp:term":[{"taxonomy":"category","embeddable":true,"href":"https:\/\/www.sudoestehoje.com.br\/novoportal\/wp-json\/wp\/v2\/categories?post=4063"},{"taxonomy":"post_tag","embeddable":true,"href":"https:\/\/www.sudoestehoje.com.br\/novoportal\/wp-json\/wp\/v2\/tags?post=4063"}],"curies":[{"name":"wp","href":"https:\/\/api.w.org\/{rel}","templated":true}]}}