
{"id":40518,"date":"2014-08-23T13:39:14","date_gmt":"2014-08-23T16:39:14","guid":{"rendered":"http:\/\/www.sudoestehoje.com.br\/novoportal\/?p=40518"},"modified":"2014-08-23T13:39:14","modified_gmt":"2014-08-23T16:39:14","slug":"wagner-e-dilma-deixam-conquista-fora-da-duplicacao-da-br-116","status":"publish","type":"post","link":"https:\/\/www.sudoestehoje.com.br\/novoportal\/2014\/08\/23\/wagner-e-dilma-deixam-conquista-fora-da-duplicacao-da-br-116\/","title":{"rendered":"WAGNER E DILMA DEIXAM CONQUISTA FORA DA DUPLICA\u00c7\u00c3O DA BR-116"},"content":{"rendered":"<p><a href=\"http:\/\/www.sudoestehoje.com.br\/novoportal\/wp-content\/uploads\/2014\/08\/br-116.jpg\"><img loading=\"lazy\" decoding=\"async\" class=\"aligncenter size-medium wp-image-40519\" src=\"http:\/\/www.sudoestehoje.com.br\/novoportal\/wp-content\/uploads\/2014\/08\/br-116-500x333.jpg\" alt=\"br 116\" width=\"500\" height=\"333\" srcset=\"https:\/\/www.sudoestehoje.com.br\/novoportal\/wp-content\/uploads\/2014\/08\/br-116-500x333.jpg 500w, https:\/\/www.sudoestehoje.com.br\/novoportal\/wp-content\/uploads\/2014\/08\/br-116-700x466.jpg 700w, https:\/\/www.sudoestehoje.com.br\/novoportal\/wp-content\/uploads\/2014\/08\/br-116.jpg 800w\" sizes=\"auto, (max-width: 500px) 100vw, 500px\" \/><\/a><\/p>\n<p>O governador Jaques Wagner e o ministro dos Transportes, Paulo S\u00e9rgio Passos, assinaram<span style=\"text-decoration: underline;\">,<\/span>\u00a0na \u00faltima sexta-feira (22), em Feira de Santana, a ordem de servi\u00e7o para a duplica\u00e7\u00e3o das rodovias BR-101 e BR-116.<\/p>\n<p>A popul\u00e7\u00e3o\u00a0de Vit\u00f3ria da Conquista lamenta que o trecho da BR-116 que corta a regi\u00e3o sudoeste do estado n\u00e3o tenha sido inclu\u00eddo no projeto. O trecho \u00e9 considerado um dos mais cr\u00edticos em rela\u00e7\u00e3o ao tr\u00e2nsito, devido ao grande n\u00famero de carretas circulando, aumentando o risco de acidentes e causando preju\u00edzos econ\u00f4micos por causa da lentid\u00e3o do tr\u00e1fego. Ser\u00e3o 165 quil\u00f4metros de duplica\u00e7\u00e3o da BR-101, com R$ 834 milh\u00f5es em investimentos com recursos do Programa de Acelera\u00e7\u00e3o do Crescimento (PAC 2). A estimativa de conclus\u00e3o da obra \u00e9 de dois anos.<\/p>\n<p><span id=\"more-70801\"><\/span>A duplica\u00e7\u00e3o da BR-116 s\u00f3 ir\u00e1 acontecer no trecho Norte, que sai de Feira de Santana, no sentido de Serrinha. Ser\u00e3o seis lotes, sendo o primeiro do anel oeste de Feira (que liga a BR-324 \u00e0 BR-116). De acordo com o governo, o objetivo\u00a0do empreendimento \u00e9 a amplia\u00e7\u00e3o da capacidade e da seguran\u00e7a da BR-116 no trecho entre a divisa do Estado de Pernambuco e a cidade de Feira de Santana, na Bahia. O investimento ser\u00e1 de R$ 297 milh\u00f5es. Com informa\u00e7\u00f5es da Tribuna da Bahia.<\/p>\n","protected":false},"excerpt":{"rendered":"<p>O governador Jaques Wagner e o ministro dos Transportes, Paulo S\u00e9rgio Passos, assinaram,\u00a0na \u00faltima sexta-feira (22), em Feira de Santana, a ordem de servi\u00e7o para a duplica\u00e7\u00e3o das rodovias BR-101 e BR-116. A popul\u00e7\u00e3o\u00a0de Vit\u00f3ria da Conquista lamenta que o trecho da BR-116 que corta a regi\u00e3o sudoeste do estado n\u00e3o tenha sido inclu\u00eddo no [&hellip;]<\/p>\n","protected":false},"author":2,"featured_media":0,"comment_status":"open","ping_status":"open","sticky":false,"template":"","format":"standard","meta":{"footnotes":"","_links_to":"","_links_to_target":""},"categories":[1],"tags":[],"class_list":["post-40518","post","type-post","status-publish","format-standard","hentry","category-geral"],"views":1123,"_links":{"self":[{"href":"https:\/\/www.sudoestehoje.com.br\/novoportal\/wp-json\/wp\/v2\/posts\/40518","targetHints":{"allow":["GET"]}}],"collection":[{"href":"https:\/\/www.sudoestehoje.com.br\/novoportal\/wp-json\/wp\/v2\/posts"}],"about":[{"href":"https:\/\/www.sudoestehoje.com.br\/novoportal\/wp-json\/wp\/v2\/types\/post"}],"author":[{"embeddable":true,"href":"https:\/\/www.sudoestehoje.com.br\/novoportal\/wp-json\/wp\/v2\/users\/2"}],"replies":[{"embeddable":true,"href":"https:\/\/www.sudoestehoje.com.br\/novoportal\/wp-json\/wp\/v2\/comments?post=40518"}],"version-history":[{"count":1,"href":"https:\/\/www.sudoestehoje.com.br\/novoportal\/wp-json\/wp\/v2\/posts\/40518\/revisions"}],"predecessor-version":[{"id":40520,"href":"https:\/\/www.sudoestehoje.com.br\/novoportal\/wp-json\/wp\/v2\/posts\/40518\/revisions\/40520"}],"wp:attachment":[{"href":"https:\/\/www.sudoestehoje.com.br\/novoportal\/wp-json\/wp\/v2\/media?parent=40518"}],"wp:term":[{"taxonomy":"category","embeddable":true,"href":"https:\/\/www.sudoestehoje.com.br\/novoportal\/wp-json\/wp\/v2\/categories?post=40518"},{"taxonomy":"post_tag","embeddable":true,"href":"https:\/\/www.sudoestehoje.com.br\/novoportal\/wp-json\/wp\/v2\/tags?post=40518"}],"curies":[{"name":"wp","href":"https:\/\/api.w.org\/{rel}","templated":true}]}}