
{"id":40442,"date":"2014-08-23T00:34:21","date_gmt":"2014-08-23T03:34:21","guid":{"rendered":"http:\/\/www.sudoestehoje.com.br\/novoportal\/?p=40442"},"modified":"2014-08-23T00:34:21","modified_gmt":"2014-08-23T03:34:21","slug":"comicio-de-rui-em-juazeiro-foi-fraco","status":"publish","type":"post","link":"https:\/\/www.sudoestehoje.com.br\/novoportal\/2014\/08\/23\/comicio-de-rui-em-juazeiro-foi-fraco\/","title":{"rendered":"COM\u00cdCIO DE RUI EM JUAZEIRO FOI FRACO"},"content":{"rendered":"<p><a href=\"http:\/\/www.sudoestehoje.com.br\/novoportal\/wp-content\/uploads\/2014\/08\/comicio-juazeiro.jpg\"><img loading=\"lazy\" decoding=\"async\" class=\"aligncenter size-full wp-image-40443\" src=\"http:\/\/www.sudoestehoje.com.br\/novoportal\/wp-content\/uploads\/2014\/08\/comicio-juazeiro.jpg\" alt=\"comicio juazeiro\" width=\"352\" height=\"480\" \/><\/a><\/p>\n<p>Na noite desta sexta-feira, a chapa petista realizou um com\u00edcio na cidade de Juazeiro, na regi\u00e3o norte do estado. O evento, que contou com a presen\u00e7a do governador Jaques Wagner, Rui Costa, Otto Alencar e deputados da regi\u00e3o, foi fraco, considerando a import\u00e2ncia e o porte de Juazeiro, cuja popula\u00e7\u00e3o gira em torno de 220 mil habitantes. Calcula-se que cerca de 700 pessoas compareceram ao evento, cuja expectativa era de cerca de 5 mil pessoas.<\/p>\n<p>Com a base dividida na cidade, e em ampla desvantagem em rela\u00e7\u00e3o ao candidato de oposi\u00e7\u00e3o ao governo, os petistas de Wagner e Lula vaiaram o prefeito Isaac Cavalcante, do PCdoB, no momento em que o chefe do executivo local foi anunciado no palanque. Contrariados com a atitude dos aliados petistas, simpatizantes do comunista Isaac aplaudiram o prefeito e vaiaram os petistas.<\/p>\n<p><a href=\"http:\/\/www.sudoestehoje.com.br\/novoportal\/wp-content\/uploads\/2014\/08\/wagner-moiado.jpg\"><img loading=\"lazy\" decoding=\"async\" class=\"aligncenter size-full wp-image-40444\" src=\"http:\/\/www.sudoestehoje.com.br\/novoportal\/wp-content\/uploads\/2014\/08\/wagner-moiado.jpg\" alt=\"wagner moiado\" width=\"352\" height=\"480\" \/><\/a><\/p>\n<p>A p\u00e9rola do dia ficou por conta do candidato ao senado, Otto Alencar (PSD), que depois de declarar ser contr\u00e1rio \u00e0 reelei\u00e7\u00e3o, em todos os n\u00edveis, pediu \u00e0 popula\u00e7\u00e3o de Juazeiro que reelegesse Dilma para presidente.<\/p>\n<p>Visivelmente contrariado, Wagner mal se aguentava de p\u00e9 no palanque, passando a maior parte do tempo agarrado a uma grade de prote\u00e7\u00e3o, sob o amparo providencial da primeira dama do Estado.<\/p>\n<p><strong><em>Sudoeste Hoje\u00a0<\/em><\/strong><\/p>\n<p>&nbsp;<\/p>\n","protected":false},"excerpt":{"rendered":"<p>Na noite desta sexta-feira, a chapa petista realizou um com\u00edcio na cidade de Juazeiro, na regi\u00e3o norte do estado. O evento, que contou com a presen\u00e7a do governador Jaques Wagner, Rui Costa, Otto Alencar e deputados da regi\u00e3o, foi fraco, considerando a import\u00e2ncia e o porte de Juazeiro, cuja popula\u00e7\u00e3o gira em torno de 220 [&hellip;]<\/p>\n","protected":false},"author":2,"featured_media":0,"comment_status":"open","ping_status":"open","sticky":false,"template":"","format":"standard","meta":{"footnotes":"","_links_to":"","_links_to_target":""},"categories":[1],"tags":[],"class_list":["post-40442","post","type-post","status-publish","format-standard","hentry","category-geral"],"views":1314,"_links":{"self":[{"href":"https:\/\/www.sudoestehoje.com.br\/novoportal\/wp-json\/wp\/v2\/posts\/40442","targetHints":{"allow":["GET"]}}],"collection":[{"href":"https:\/\/www.sudoestehoje.com.br\/novoportal\/wp-json\/wp\/v2\/posts"}],"about":[{"href":"https:\/\/www.sudoestehoje.com.br\/novoportal\/wp-json\/wp\/v2\/types\/post"}],"author":[{"embeddable":true,"href":"https:\/\/www.sudoestehoje.com.br\/novoportal\/wp-json\/wp\/v2\/users\/2"}],"replies":[{"embeddable":true,"href":"https:\/\/www.sudoestehoje.com.br\/novoportal\/wp-json\/wp\/v2\/comments?post=40442"}],"version-history":[{"count":1,"href":"https:\/\/www.sudoestehoje.com.br\/novoportal\/wp-json\/wp\/v2\/posts\/40442\/revisions"}],"predecessor-version":[{"id":40445,"href":"https:\/\/www.sudoestehoje.com.br\/novoportal\/wp-json\/wp\/v2\/posts\/40442\/revisions\/40445"}],"wp:attachment":[{"href":"https:\/\/www.sudoestehoje.com.br\/novoportal\/wp-json\/wp\/v2\/media?parent=40442"}],"wp:term":[{"taxonomy":"category","embeddable":true,"href":"https:\/\/www.sudoestehoje.com.br\/novoportal\/wp-json\/wp\/v2\/categories?post=40442"},{"taxonomy":"post_tag","embeddable":true,"href":"https:\/\/www.sudoestehoje.com.br\/novoportal\/wp-json\/wp\/v2\/tags?post=40442"}],"curies":[{"name":"wp","href":"https:\/\/api.w.org\/{rel}","templated":true}]}}