
{"id":40428,"date":"2014-08-22T17:40:02","date_gmt":"2014-08-22T20:40:02","guid":{"rendered":"http:\/\/www.sudoestehoje.com.br\/novoportal\/?p=40428"},"modified":"2014-08-22T18:45:53","modified_gmt":"2014-08-22T21:45:53","slug":"itapetinga-prefeito-manda-secretaria-cancelar-desfile-de-7-de-setembro","status":"publish","type":"post","link":"https:\/\/www.sudoestehoje.com.br\/novoportal\/2014\/08\/22\/itapetinga-prefeito-manda-secretaria-cancelar-desfile-de-7-de-setembro\/","title":{"rendered":"ITAPETINGA: PREFEITO MANDA SECRET\u00c1RIA CANCELAR DESFILE DE 7 DE SETEMBRO"},"content":{"rendered":"<p><img decoding=\"async\" class=\"aligncenter\" src=\"http:\/\/www.sudoestehoje.com.br\/novoportal\/wp-content\/uploads\/2013\/09\/GEDC1085-500x375.jpg\" alt=\"bbb\" \/><\/p>\n<p>Pela primeira vez na hist\u00f3ria de Itapetinga, o tradicional desfile c\u00edvico de 7 de Setembro n\u00e3o ser\u00e1 realizado no munic\u00edpio, por determina\u00e7\u00e3o do prefeito Z\u00e9 Carlos e por absoluta incompet\u00eancia da secret\u00e1ria municipal de Educa\u00e7\u00e3o.<\/p>\n<p>Em reuni\u00e3o realizada nesta sexta-feira, na Secretaria Municipal de Educa\u00e7\u00e3o, com a participa\u00e7\u00e3o de diversas entidades representativas da sociedade civil, a secret\u00e1ria de educa\u00e7\u00e3o Sibele Nery comunicou a decis\u00e3o do prefeito, alegando motivos absurdos para o cancelamento do desfile.<\/p>\n<p><img decoding=\"async\" class=\"aligncenter\" src=\"http:\/\/www.sudoestehoje.com.br\/novoportal\/wp-content\/uploads\/2011\/09\/GEDC0321-500x281.jpg\" alt=\"\" \/><\/p>\n<p>Segundo a secret\u00e1ria, m\u00e3es e av\u00f3s de alunos estariam se queixando da dist\u00e2ncia entre os bairros e o centro da cidade, o que dificultaria o deslocamento dos alunos, e tamb\u00e9m o fato do feriado acontecer no domingo, o que obrigaria \u00e0 decreta\u00e7\u00e3o de um feriado na segunda-feira, atrasando ainda mais o calend\u00e1rio escolar.<\/p>\n<p>O que se nota, entretanto, \u00e9 que a secret\u00e1ria Sibele e sua fraqu\u00edssima equipe n\u00e3o t\u00eam capacidade de gest\u00e3o suficiente para realizar o desfile, um evento considerado de baixa complexidade. Outra raz\u00e3o \u00e9 o receio do prefeito Z\u00e9 Carlos de que as vaias e protestos ocorridos em 2013 voltem a se repetir, aumentando ainda mais a sua impopularidade, \u00e0s v\u00e9speras da elei\u00e7\u00e3o.<\/p>\n<p><img decoding=\"async\" class=\"aligncenter\" src=\"http:\/\/tribunadeitapetinga.com.br\/media\/2013\/09\/DSC09597.jpg\" alt=\"\" \/><\/p>\n<p>Seja qual for o motivo, Z\u00e9 Carlos entrar\u00e1 para a hist\u00f3ria do munic\u00edpio como o \u00fanico prefeito que acaba tudo e que n\u00e3o conseguiu realizar, sequer, um simples desfile de 7 de setembro.<\/p>\n<p>Isto \u00e9 que \u00e9 incompet\u00eancia&#8230;<\/p>\n<p><strong><em>Por Davi Ferraz<\/em><\/strong><\/p>\n","protected":false},"excerpt":{"rendered":"<p>Pela primeira vez na hist\u00f3ria de Itapetinga, o tradicional desfile c\u00edvico de 7 de Setembro n\u00e3o ser\u00e1 realizado no munic\u00edpio, por determina\u00e7\u00e3o do prefeito Z\u00e9 Carlos e por absoluta incompet\u00eancia da secret\u00e1ria municipal de Educa\u00e7\u00e3o. Em reuni\u00e3o realizada nesta sexta-feira, na Secretaria Municipal de Educa\u00e7\u00e3o, com a participa\u00e7\u00e3o de diversas entidades representativas da sociedade civil, [&hellip;]<\/p>\n","protected":false},"author":2,"featured_media":0,"comment_status":"open","ping_status":"open","sticky":false,"template":"","format":"standard","meta":{"footnotes":"","_links_to":"","_links_to_target":""},"categories":[1],"tags":[],"class_list":["post-40428","post","type-post","status-publish","format-standard","hentry","category-geral"],"views":2008,"_links":{"self":[{"href":"https:\/\/www.sudoestehoje.com.br\/novoportal\/wp-json\/wp\/v2\/posts\/40428","targetHints":{"allow":["GET"]}}],"collection":[{"href":"https:\/\/www.sudoestehoje.com.br\/novoportal\/wp-json\/wp\/v2\/posts"}],"about":[{"href":"https:\/\/www.sudoestehoje.com.br\/novoportal\/wp-json\/wp\/v2\/types\/post"}],"author":[{"embeddable":true,"href":"https:\/\/www.sudoestehoje.com.br\/novoportal\/wp-json\/wp\/v2\/users\/2"}],"replies":[{"embeddable":true,"href":"https:\/\/www.sudoestehoje.com.br\/novoportal\/wp-json\/wp\/v2\/comments?post=40428"}],"version-history":[{"count":6,"href":"https:\/\/www.sudoestehoje.com.br\/novoportal\/wp-json\/wp\/v2\/posts\/40428\/revisions"}],"predecessor-version":[{"id":40438,"href":"https:\/\/www.sudoestehoje.com.br\/novoportal\/wp-json\/wp\/v2\/posts\/40428\/revisions\/40438"}],"wp:attachment":[{"href":"https:\/\/www.sudoestehoje.com.br\/novoportal\/wp-json\/wp\/v2\/media?parent=40428"}],"wp:term":[{"taxonomy":"category","embeddable":true,"href":"https:\/\/www.sudoestehoje.com.br\/novoportal\/wp-json\/wp\/v2\/categories?post=40428"},{"taxonomy":"post_tag","embeddable":true,"href":"https:\/\/www.sudoestehoje.com.br\/novoportal\/wp-json\/wp\/v2\/tags?post=40428"}],"curies":[{"name":"wp","href":"https:\/\/api.w.org\/{rel}","templated":true}]}}