
{"id":40385,"date":"2014-08-20T23:31:04","date_gmt":"2014-08-21T02:31:04","guid":{"rendered":"http:\/\/www.sudoestehoje.com.br\/novoportal\/?p=40385"},"modified":"2014-08-20T23:44:02","modified_gmt":"2014-08-21T02:44:02","slug":"wagner-inaugura-sac-em-valenca-e-esquece-do-que-prometeu-a-itapetinga","status":"publish","type":"post","link":"https:\/\/www.sudoestehoje.com.br\/novoportal\/2014\/08\/20\/wagner-inaugura-sac-em-valenca-e-esquece-do-que-prometeu-a-itapetinga\/","title":{"rendered":"WAGNER INAUGURA SAC EM VALEN\u00c7A E ESQUECE DO QUE PROMETEU A ITAPETINGA"},"content":{"rendered":"<p><a href=\"http:\/\/www.sudoestehoje.com.br\/novoportal\/wp-content\/uploads\/2014\/08\/sac-valen\u00e7a.jpg\"><img loading=\"lazy\" decoding=\"async\" class=\"size-full wp-image-40386 alignleft\" src=\"http:\/\/www.sudoestehoje.com.br\/novoportal\/wp-content\/uploads\/2014\/08\/sac-valen\u00e7a.jpg\" alt=\"sac valen\u00e7a\" width=\"300\" height=\"250\" \/><\/a><\/p>\n<p>A popula\u00e7\u00e3o de Valen\u00e7a e regi\u00e3o passa a contar com o Servi\u00e7o de Atendimento ao Cidad\u00e3o. O novo Posto da Rede SAC est\u00e1 localizado no bairro S\u00e3o F\u00e9lix e foi inaugurado nesta quarta-feira (20), \u00e0s 10h, pelo governador Jaques Wagner.<\/p>\n<p>\u00c9 o 53\u00aa posto entregue pelo SAC \u00e0 popula\u00e7\u00e3o baiana como parte do projeto de expans\u00e3o da rede, que hoje est\u00e1 presente na capital e em 36 munic\u00edpios do interior do estado.<\/p>\n<p>A unidade oferece os servi\u00e7os emiss\u00e3o de Carteira de Identidade, do Detran-BA, Planserv, Previd\u00eancia Social, Servi\u00e7o de Intermedia\u00e7\u00e3o de M\u00e3o de Obra (SineBahia), Secretaria da Fazenda (Sefaz-BA), Receita Federal (emiss\u00e3o do CPF) e Secretaria de Seguran\u00e7a P\u00fablica (certid\u00e3o de antecedentes criminais).<\/p>\n<p>Quanto ao SAC de Itapetinga, o governador declarou n\u00e3o se lembrar de nenhum pedido do prefeito para a sua instala\u00e7\u00e3o no munic\u00edpio, apesar do prefeito Z\u00e9 Carlos ter declarado, por in\u00fameras vezes, que fez o pedido ao governo.<\/p>\n<p>Enquanto o SAC n\u00e3o vem, os cidad\u00e3os de Itapetinga continuar\u00e3o enfrentando o frio nas madrugadas de Vit\u00f3ria da Conquista, para retirar uma simples carteira de identidade. Para isto, precisam ir a Conquista tr\u00eas vezes: uma para pegar a senha de atendimento, outra para fazer a identidade, e a terceira vez para receber o documento.<\/p>\n<p>Isto n\u00e3o fica por menos de R$ 300 reais, fora a despesa para curar o resfriado&#8230;<\/p>\n<p><strong><em>Por Davi Ferraz<\/em><\/strong><\/p>\n","protected":false},"excerpt":{"rendered":"<p>A popula\u00e7\u00e3o de Valen\u00e7a e regi\u00e3o passa a contar com o Servi\u00e7o de Atendimento ao Cidad\u00e3o. O novo Posto da Rede SAC est\u00e1 localizado no bairro S\u00e3o F\u00e9lix e foi inaugurado nesta quarta-feira (20), \u00e0s 10h, pelo governador Jaques Wagner. \u00c9 o 53\u00aa posto entregue pelo SAC \u00e0 popula\u00e7\u00e3o baiana como parte do projeto de [&hellip;]<\/p>\n","protected":false},"author":2,"featured_media":0,"comment_status":"open","ping_status":"open","sticky":false,"template":"","format":"standard","meta":{"footnotes":"","_links_to":"","_links_to_target":""},"categories":[1],"tags":[],"class_list":["post-40385","post","type-post","status-publish","format-standard","hentry","category-geral"],"views":1506,"_links":{"self":[{"href":"https:\/\/www.sudoestehoje.com.br\/novoportal\/wp-json\/wp\/v2\/posts\/40385","targetHints":{"allow":["GET"]}}],"collection":[{"href":"https:\/\/www.sudoestehoje.com.br\/novoportal\/wp-json\/wp\/v2\/posts"}],"about":[{"href":"https:\/\/www.sudoestehoje.com.br\/novoportal\/wp-json\/wp\/v2\/types\/post"}],"author":[{"embeddable":true,"href":"https:\/\/www.sudoestehoje.com.br\/novoportal\/wp-json\/wp\/v2\/users\/2"}],"replies":[{"embeddable":true,"href":"https:\/\/www.sudoestehoje.com.br\/novoportal\/wp-json\/wp\/v2\/comments?post=40385"}],"version-history":[{"count":6,"href":"https:\/\/www.sudoestehoje.com.br\/novoportal\/wp-json\/wp\/v2\/posts\/40385\/revisions"}],"predecessor-version":[{"id":40392,"href":"https:\/\/www.sudoestehoje.com.br\/novoportal\/wp-json\/wp\/v2\/posts\/40385\/revisions\/40392"}],"wp:attachment":[{"href":"https:\/\/www.sudoestehoje.com.br\/novoportal\/wp-json\/wp\/v2\/media?parent=40385"}],"wp:term":[{"taxonomy":"category","embeddable":true,"href":"https:\/\/www.sudoestehoje.com.br\/novoportal\/wp-json\/wp\/v2\/categories?post=40385"},{"taxonomy":"post_tag","embeddable":true,"href":"https:\/\/www.sudoestehoje.com.br\/novoportal\/wp-json\/wp\/v2\/tags?post=40385"}],"curies":[{"name":"wp","href":"https:\/\/api.w.org\/{rel}","templated":true}]}}