
{"id":40382,"date":"2014-08-20T22:10:08","date_gmt":"2014-08-21T01:10:08","guid":{"rendered":"http:\/\/www.sudoestehoje.com.br\/novoportal\/?p=40382"},"modified":"2014-08-20T22:10:08","modified_gmt":"2014-08-21T01:10:08","slug":"sandro-regis-inaugura-comite-em-itapetinga-nesta-sexta","status":"publish","type":"post","link":"https:\/\/www.sudoestehoje.com.br\/novoportal\/2014\/08\/20\/sandro-regis-inaugura-comite-em-itapetinga-nesta-sexta\/","title":{"rendered":"SANDRO R\u00c9GIS INAUGURA COMIT\u00ca EM ITAPETINGA NESTA SEXTA"},"content":{"rendered":"<p><a href=\"http:\/\/www.sudoestehoje.com.br\/novoportal\/wp-content\/uploads\/2014\/08\/GEDC13761.jpg\"><img loading=\"lazy\" decoding=\"async\" class=\"aligncenter size-medium wp-image-40383\" alt=\"GEDSC DIGITAL CAMERA\" src=\"http:\/\/www.sudoestehoje.com.br\/novoportal\/wp-content\/uploads\/2014\/08\/GEDC13761-500x375.jpg\" width=\"500\" height=\"375\" srcset=\"https:\/\/www.sudoestehoje.com.br\/novoportal\/wp-content\/uploads\/2014\/08\/GEDC13761-500x375.jpg 500w, https:\/\/www.sudoestehoje.com.br\/novoportal\/wp-content\/uploads\/2014\/08\/GEDC13761.jpg 640w\" sizes=\"auto, (max-width: 500px) 100vw, 500px\" \/><\/a><\/p>\n<p>Contando com uma forte base de apoio em Itapetinga, o deputado Sandro R\u00e9gis (DEM) inaugura o seu comit\u00ea pol\u00edtico na capital da pecu\u00e1ria, nesta sexta-feira (22), a partir das 19h. O comit\u00ea est\u00e1 instalado na Rua Pomp\u00edlio Espinheira, em frente ao Posto Elefantinho.<\/p>\n<p>Formam a base de apoio do deputado Sandro R\u00e9gis, o m\u00e9dico e ex-candidato a prefeito Arnaldo Teixeira, o presidente do DEM, Geraldo Trindade, os vereadores Fabiano Bahia e Naara Duarte, al\u00e9m de muitas outras lideran\u00e7as pol\u00edticas locais.<\/p>\n<p>Antes da inaugura\u00e7\u00e3o do seu comit\u00ea em Itapetinga, Sandro dever\u00e1 participar das comemora\u00e7\u00f5es do 56\u00ba anivers\u00e1rio da vizinha cidade de Itoror\u00f3, onde conta com o apoio do prefeito Marco Brito e do ex-prefeito Edineu Oliveira.<\/p>\n<p><strong><em>Por Davi Ferraz<\/em> <\/strong><\/p>\n","protected":false},"excerpt":{"rendered":"<p>Contando com uma forte base de apoio em Itapetinga, o deputado Sandro R\u00e9gis (DEM) inaugura o seu comit\u00ea pol\u00edtico na capital da pecu\u00e1ria, nesta sexta-feira (22), a partir das 19h. O comit\u00ea est\u00e1 instalado na Rua Pomp\u00edlio Espinheira, em frente ao Posto Elefantinho. Formam a base de apoio do deputado Sandro R\u00e9gis, o m\u00e9dico e [&hellip;]<\/p>\n","protected":false},"author":2,"featured_media":0,"comment_status":"open","ping_status":"open","sticky":false,"template":"","format":"standard","meta":{"footnotes":"","_links_to":"","_links_to_target":""},"categories":[1],"tags":[],"class_list":["post-40382","post","type-post","status-publish","format-standard","hentry","category-geral"],"views":1194,"_links":{"self":[{"href":"https:\/\/www.sudoestehoje.com.br\/novoportal\/wp-json\/wp\/v2\/posts\/40382","targetHints":{"allow":["GET"]}}],"collection":[{"href":"https:\/\/www.sudoestehoje.com.br\/novoportal\/wp-json\/wp\/v2\/posts"}],"about":[{"href":"https:\/\/www.sudoestehoje.com.br\/novoportal\/wp-json\/wp\/v2\/types\/post"}],"author":[{"embeddable":true,"href":"https:\/\/www.sudoestehoje.com.br\/novoportal\/wp-json\/wp\/v2\/users\/2"}],"replies":[{"embeddable":true,"href":"https:\/\/www.sudoestehoje.com.br\/novoportal\/wp-json\/wp\/v2\/comments?post=40382"}],"version-history":[{"count":1,"href":"https:\/\/www.sudoestehoje.com.br\/novoportal\/wp-json\/wp\/v2\/posts\/40382\/revisions"}],"predecessor-version":[{"id":40384,"href":"https:\/\/www.sudoestehoje.com.br\/novoportal\/wp-json\/wp\/v2\/posts\/40382\/revisions\/40384"}],"wp:attachment":[{"href":"https:\/\/www.sudoestehoje.com.br\/novoportal\/wp-json\/wp\/v2\/media?parent=40382"}],"wp:term":[{"taxonomy":"category","embeddable":true,"href":"https:\/\/www.sudoestehoje.com.br\/novoportal\/wp-json\/wp\/v2\/categories?post=40382"},{"taxonomy":"post_tag","embeddable":true,"href":"https:\/\/www.sudoestehoje.com.br\/novoportal\/wp-json\/wp\/v2\/tags?post=40382"}],"curies":[{"name":"wp","href":"https:\/\/api.w.org\/{rel}","templated":true}]}}