
{"id":40366,"date":"2014-08-20T19:14:46","date_gmt":"2014-08-20T22:14:46","guid":{"rendered":"http:\/\/www.sudoestehoje.com.br\/novoportal\/?p=40366"},"modified":"2014-08-20T19:14:46","modified_gmt":"2014-08-20T22:14:46","slug":"justica-proibe-uso-da-imagem-de-eduardo-campos-por-adversarios","status":"publish","type":"post","link":"https:\/\/www.sudoestehoje.com.br\/novoportal\/2014\/08\/20\/justica-proibe-uso-da-imagem-de-eduardo-campos-por-adversarios\/","title":{"rendered":"JUSTI\u00c7A PRO\u00cdBE USO DA IMAGEM DE EDUARDO CAMPOS POR ADVERS\u00c1RIOS"},"content":{"rendered":"<p><a href=\"http:\/\/www.sudoestehoje.com.br\/novoportal\/wp-content\/uploads\/2014\/08\/CAMPOS.jpg\"><img loading=\"lazy\" decoding=\"async\" class=\"aligncenter size-medium wp-image-40367\" alt=\"CAMPOS\" src=\"http:\/\/www.sudoestehoje.com.br\/novoportal\/wp-content\/uploads\/2014\/08\/CAMPOS-500x333.jpg\" width=\"500\" height=\"333\" srcset=\"https:\/\/www.sudoestehoje.com.br\/novoportal\/wp-content\/uploads\/2014\/08\/CAMPOS-500x333.jpg 500w, https:\/\/www.sudoestehoje.com.br\/novoportal\/wp-content\/uploads\/2014\/08\/CAMPOS.jpg 620w\" sizes=\"auto, (max-width: 500px) 100vw, 500px\" \/><\/a><\/p>\n<p><em>Sudoeste Hoje<\/em><\/p>\n<p>A imagem do ex-governador e candidato \u00e0 Presid\u00eancia da Rep\u00fablica Eduardo Campos (PSB) \u00e9 alvo de disputa na Justi\u00e7a Eleitoral. Na manh\u00e3 desta quarta-feira (20), o desembargador do Tribunal Regional Eleitoral (TRE-PE) Alexandre Hermes Renato acatou o pedido da fam\u00edlia do socialista, morto num acidente de avi\u00e3o na \u00faltima quarta-feira (13), impedindo que outros candidatos que n\u00e3o sejam da Frente Popular utilizem a imagem do pol\u00edtico.<\/p>\n<p>Nesta quarta-feira (20), por exemplo, o guia do candidato e senador licenciado Armando Monteiro Neto (PTB), advers\u00e1rio da Frente Popular, dedicou boa parte do tempo em homenagem ao ex-governador. O trabalhista utilizou imagens de Campos com Armando e o candidato ao Senado e deputado federal Jo\u00e3o Paulo (PT) na \u00e9poca em que eram aliados. A proibi\u00e7\u00e3o, no entanto, n\u00e3o p\u00f4de ser decretada a tempo da exibi\u00e7\u00e3o do material de hoje.<\/p>\n","protected":false},"excerpt":{"rendered":"<p>Sudoeste Hoje A imagem do ex-governador e candidato \u00e0 Presid\u00eancia da Rep\u00fablica Eduardo Campos (PSB) \u00e9 alvo de disputa na Justi\u00e7a Eleitoral. Na manh\u00e3 desta quarta-feira (20), o desembargador do Tribunal Regional Eleitoral (TRE-PE) Alexandre Hermes Renato acatou o pedido da fam\u00edlia do socialista, morto num acidente de avi\u00e3o na \u00faltima quarta-feira (13), impedindo que [&hellip;]<\/p>\n","protected":false},"author":2,"featured_media":0,"comment_status":"open","ping_status":"open","sticky":false,"template":"","format":"standard","meta":{"footnotes":"","_links_to":"","_links_to_target":""},"categories":[1],"tags":[],"class_list":["post-40366","post","type-post","status-publish","format-standard","hentry","category-geral"],"views":1102,"_links":{"self":[{"href":"https:\/\/www.sudoestehoje.com.br\/novoportal\/wp-json\/wp\/v2\/posts\/40366","targetHints":{"allow":["GET"]}}],"collection":[{"href":"https:\/\/www.sudoestehoje.com.br\/novoportal\/wp-json\/wp\/v2\/posts"}],"about":[{"href":"https:\/\/www.sudoestehoje.com.br\/novoportal\/wp-json\/wp\/v2\/types\/post"}],"author":[{"embeddable":true,"href":"https:\/\/www.sudoestehoje.com.br\/novoportal\/wp-json\/wp\/v2\/users\/2"}],"replies":[{"embeddable":true,"href":"https:\/\/www.sudoestehoje.com.br\/novoportal\/wp-json\/wp\/v2\/comments?post=40366"}],"version-history":[{"count":2,"href":"https:\/\/www.sudoestehoje.com.br\/novoportal\/wp-json\/wp\/v2\/posts\/40366\/revisions"}],"predecessor-version":[{"id":40369,"href":"https:\/\/www.sudoestehoje.com.br\/novoportal\/wp-json\/wp\/v2\/posts\/40366\/revisions\/40369"}],"wp:attachment":[{"href":"https:\/\/www.sudoestehoje.com.br\/novoportal\/wp-json\/wp\/v2\/media?parent=40366"}],"wp:term":[{"taxonomy":"category","embeddable":true,"href":"https:\/\/www.sudoestehoje.com.br\/novoportal\/wp-json\/wp\/v2\/categories?post=40366"},{"taxonomy":"post_tag","embeddable":true,"href":"https:\/\/www.sudoestehoje.com.br\/novoportal\/wp-json\/wp\/v2\/tags?post=40366"}],"curies":[{"name":"wp","href":"https:\/\/api.w.org\/{rel}","templated":true}]}}