
{"id":40357,"date":"2014-08-20T18:19:11","date_gmt":"2014-08-20T21:19:11","guid":{"rendered":"http:\/\/www.sudoestehoje.com.br\/novoportal\/?p=40357"},"modified":"2014-08-20T18:19:11","modified_gmt":"2014-08-20T21:19:11","slug":"comite-eleitoral-de-lucio-e-herzem-sera-inaugurado-neste-sabado","status":"publish","type":"post","link":"https:\/\/www.sudoestehoje.com.br\/novoportal\/2014\/08\/20\/comite-eleitoral-de-lucio-e-herzem-sera-inaugurado-neste-sabado\/","title":{"rendered":"COMIT\u00ca ELEITORAL DE L\u00daCIO E HERZEM SER\u00c1 INAUGURADO NESTE S\u00c1BADO"},"content":{"rendered":"<p><a href=\"http:\/\/www.sudoestehoje.com.br\/novoportal\/wp-content\/uploads\/2014\/08\/GEDC1378.jpg\"><img loading=\"lazy\" decoding=\"async\" class=\"aligncenter size-medium wp-image-40359\" alt=\"GEDSC DIGITAL CAMERA\" src=\"http:\/\/www.sudoestehoje.com.br\/novoportal\/wp-content\/uploads\/2014\/08\/GEDC1378-500x375.jpg\" width=\"500\" height=\"375\" srcset=\"https:\/\/www.sudoestehoje.com.br\/novoportal\/wp-content\/uploads\/2014\/08\/GEDC1378-500x375.jpg 500w, https:\/\/www.sudoestehoje.com.br\/novoportal\/wp-content\/uploads\/2014\/08\/GEDC1378.jpg 640w\" sizes=\"auto, (max-width: 500px) 100vw, 500px\" \/><\/a><\/p>\n<p>ITAPETINGA: O comit\u00ea eleitoral dos peemedebistas L\u00facio Vieira Lima, candidato a deputado federal, e Herzem Gusm\u00e3o, candidato a deputado estadual, j\u00e1 est\u00e1 pronto e ser\u00e1 inaugurado no pr\u00f3ximo s\u00e1bado (23), com a presen\u00e7a dos candidatos, assessores e lideran\u00e7as locais e regionais do PMDB e demais partidos que integram a chapa oposicionista na Bahia.<\/p>\n<p>O comit\u00ea do PMDB fica localizado na rua Marechal Floriano Peixoto, no centro de Itapetinga, e est\u00e1 sob a coordena\u00e7\u00e3o do presidente do diret\u00f3rio municipal do partido, Darwin Renan Nunes, e do ex-prefeito de Itapetinga, Michel Hagge.<\/p>\n<p><a href=\"http:\/\/www.sudoestehoje.com.br\/novoportal\/wp-content\/uploads\/2014\/08\/GEDC1379.jpg\"><img loading=\"lazy\" decoding=\"async\" class=\"aligncenter size-medium wp-image-40360\" alt=\"GEDSC DIGITAL CAMERA\" src=\"http:\/\/www.sudoestehoje.com.br\/novoportal\/wp-content\/uploads\/2014\/08\/GEDC1379-500x375.jpg\" width=\"500\" height=\"375\" srcset=\"https:\/\/www.sudoestehoje.com.br\/novoportal\/wp-content\/uploads\/2014\/08\/GEDC1379-500x375.jpg 500w, https:\/\/www.sudoestehoje.com.br\/novoportal\/wp-content\/uploads\/2014\/08\/GEDC1379.jpg 640w\" sizes=\"auto, (max-width: 500px) 100vw, 500px\" \/><\/a><\/p>\n<p>O Sudoeste Hoje conversou com o l\u00edder peemedebista Michel Hagge, na manh\u00e3 desta quarta-feira, que demonstrou otimismo em rela\u00e7\u00e3o aos seus candidatos no munic\u00edpio, a quem pretende dar vota\u00e7\u00e3o expressiva, apesar da enorme pulveriza\u00e7\u00e3o de votos que dever\u00e1 ocorrer nestas elei\u00e7\u00f5es.<\/p>\n<p>Em rela\u00e7\u00e3o \u00e0 chapa majorit\u00e1ria, encabe\u00e7ada por Paulo Souto, Geddel e Joaci, o l\u00edder gabiraba est\u00e1 tranquilo e acredita em uma grande vit\u00f3ria em Itapetinga e em todo o estado.\u00a0A inaugura\u00e7\u00e3o do comit\u00ea de L\u00facio e Herzem est\u00e1 prevista para as 19h deste s\u00e1bado.<\/p>\n<p><strong><em>Por Davi Ferraz\u00a0<\/em><\/strong><\/p>\n","protected":false},"excerpt":{"rendered":"<p>ITAPETINGA: O comit\u00ea eleitoral dos peemedebistas L\u00facio Vieira Lima, candidato a deputado federal, e Herzem Gusm\u00e3o, candidato a deputado estadual, j\u00e1 est\u00e1 pronto e ser\u00e1 inaugurado no pr\u00f3ximo s\u00e1bado (23), com a presen\u00e7a dos candidatos, assessores e lideran\u00e7as locais e regionais do PMDB e demais partidos que integram a chapa oposicionista na Bahia. O comit\u00ea [&hellip;]<\/p>\n","protected":false},"author":2,"featured_media":0,"comment_status":"open","ping_status":"open","sticky":false,"template":"","format":"standard","meta":{"footnotes":"","_links_to":"","_links_to_target":""},"categories":[1],"tags":[],"class_list":["post-40357","post","type-post","status-publish","format-standard","hentry","category-geral"],"views":1134,"_links":{"self":[{"href":"https:\/\/www.sudoestehoje.com.br\/novoportal\/wp-json\/wp\/v2\/posts\/40357","targetHints":{"allow":["GET"]}}],"collection":[{"href":"https:\/\/www.sudoestehoje.com.br\/novoportal\/wp-json\/wp\/v2\/posts"}],"about":[{"href":"https:\/\/www.sudoestehoje.com.br\/novoportal\/wp-json\/wp\/v2\/types\/post"}],"author":[{"embeddable":true,"href":"https:\/\/www.sudoestehoje.com.br\/novoportal\/wp-json\/wp\/v2\/users\/2"}],"replies":[{"embeddable":true,"href":"https:\/\/www.sudoestehoje.com.br\/novoportal\/wp-json\/wp\/v2\/comments?post=40357"}],"version-history":[{"count":2,"href":"https:\/\/www.sudoestehoje.com.br\/novoportal\/wp-json\/wp\/v2\/posts\/40357\/revisions"}],"predecessor-version":[{"id":40362,"href":"https:\/\/www.sudoestehoje.com.br\/novoportal\/wp-json\/wp\/v2\/posts\/40357\/revisions\/40362"}],"wp:attachment":[{"href":"https:\/\/www.sudoestehoje.com.br\/novoportal\/wp-json\/wp\/v2\/media?parent=40357"}],"wp:term":[{"taxonomy":"category","embeddable":true,"href":"https:\/\/www.sudoestehoje.com.br\/novoportal\/wp-json\/wp\/v2\/categories?post=40357"},{"taxonomy":"post_tag","embeddable":true,"href":"https:\/\/www.sudoestehoje.com.br\/novoportal\/wp-json\/wp\/v2\/tags?post=40357"}],"curies":[{"name":"wp","href":"https:\/\/api.w.org\/{rel}","templated":true}]}}