
{"id":40353,"date":"2014-08-20T17:46:07","date_gmt":"2014-08-20T20:46:07","guid":{"rendered":"http:\/\/www.sudoestehoje.com.br\/novoportal\/?p=40353"},"modified":"2014-08-20T17:46:07","modified_gmt":"2014-08-20T20:46:07","slug":"nota-de-falecimento-3","status":"publish","type":"post","link":"https:\/\/www.sudoestehoje.com.br\/novoportal\/2014\/08\/20\/nota-de-falecimento-3\/","title":{"rendered":"NOTA DE FALECIMENTO"},"content":{"rendered":"<div id=\"attachment_40354\" style=\"width: 510px\" class=\"wp-caption aligncenter\"><a href=\"http:\/\/www.sudoestehoje.com.br\/novoportal\/wp-content\/uploads\/2014\/08\/av\u00f3.jpg\"><img loading=\"lazy\" decoding=\"async\" aria-describedby=\"caption-attachment-40354\" class=\"size-medium wp-image-40354\" alt=\"Foto arquivo familiar\" src=\"http:\/\/www.sudoestehoje.com.br\/novoportal\/wp-content\/uploads\/2014\/08\/av\u00f3-500x375.jpg\" width=\"500\" height=\"375\" srcset=\"https:\/\/www.sudoestehoje.com.br\/novoportal\/wp-content\/uploads\/2014\/08\/av\u00f3-500x375.jpg 500w, https:\/\/www.sudoestehoje.com.br\/novoportal\/wp-content\/uploads\/2014\/08\/av\u00f3-700x525.jpg 700w, https:\/\/www.sudoestehoje.com.br\/novoportal\/wp-content\/uploads\/2014\/08\/av\u00f3.jpg 960w\" sizes=\"auto, (max-width: 500px) 100vw, 500px\" \/><\/a><p id=\"caption-attachment-40354\" class=\"wp-caption-text\">Foto arquivo familiar<\/p><\/div>\n<p>Comunicamos o falecimento da Sra. Maria de Lourdes Gomes Rodrigues, ocorrido nesta quarta-feira, de causas naturais. D. Lourdes, de 94 anos, era av\u00f3 do nosso querido amigo Leonardo Matos, coordenador da Funda\u00e7\u00e3o Jos\u00e9 Silveira em Itapetinga, e da Secret\u00e1ria Municipal de Desenvolvimento Social, Ver\u00f4nica Rodrigues.<\/p>\n<p>O corpo est\u00e1 sendo velado no Cerimonial Pax Perfei\u00e7\u00e3o, na Av. Cinquenten\u00e1rio, e ser\u00e1 sepultado no Cemit\u00e9rio Parque da Eternidade, \u00e0s 08h desta quinta-feira.<\/p>\n<p>O Sudoeste Hoje manifesta as suas sinceras condol\u00eancias aos filhos e netos Diva, Marilda, Marinice, Lel\u00e9u, Z\u00e9 Grilo, Djalma, Ver\u00f4nica, Leonardo Matos, e demais familiares.<\/p>\n<p><strong><em>Por Davi Ferraz<\/em><\/strong><\/p>\n","protected":false},"excerpt":{"rendered":"<p>Comunicamos o falecimento da Sra. Maria de Lourdes Gomes Rodrigues, ocorrido nesta quarta-feira, de causas naturais. D. Lourdes, de 94 anos, era av\u00f3 do nosso querido amigo Leonardo Matos, coordenador da Funda\u00e7\u00e3o Jos\u00e9 Silveira em Itapetinga, e da Secret\u00e1ria Municipal de Desenvolvimento Social, Ver\u00f4nica Rodrigues. O corpo est\u00e1 sendo velado no Cerimonial Pax Perfei\u00e7\u00e3o, na [&hellip;]<\/p>\n","protected":false},"author":2,"featured_media":0,"comment_status":"open","ping_status":"open","sticky":false,"template":"","format":"standard","meta":{"footnotes":"","_links_to":"","_links_to_target":""},"categories":[1],"tags":[],"class_list":["post-40353","post","type-post","status-publish","format-standard","hentry","category-geral"],"views":1045,"_links":{"self":[{"href":"https:\/\/www.sudoestehoje.com.br\/novoportal\/wp-json\/wp\/v2\/posts\/40353","targetHints":{"allow":["GET"]}}],"collection":[{"href":"https:\/\/www.sudoestehoje.com.br\/novoportal\/wp-json\/wp\/v2\/posts"}],"about":[{"href":"https:\/\/www.sudoestehoje.com.br\/novoportal\/wp-json\/wp\/v2\/types\/post"}],"author":[{"embeddable":true,"href":"https:\/\/www.sudoestehoje.com.br\/novoportal\/wp-json\/wp\/v2\/users\/2"}],"replies":[{"embeddable":true,"href":"https:\/\/www.sudoestehoje.com.br\/novoportal\/wp-json\/wp\/v2\/comments?post=40353"}],"version-history":[{"count":2,"href":"https:\/\/www.sudoestehoje.com.br\/novoportal\/wp-json\/wp\/v2\/posts\/40353\/revisions"}],"predecessor-version":[{"id":40356,"href":"https:\/\/www.sudoestehoje.com.br\/novoportal\/wp-json\/wp\/v2\/posts\/40353\/revisions\/40356"}],"wp:attachment":[{"href":"https:\/\/www.sudoestehoje.com.br\/novoportal\/wp-json\/wp\/v2\/media?parent=40353"}],"wp:term":[{"taxonomy":"category","embeddable":true,"href":"https:\/\/www.sudoestehoje.com.br\/novoportal\/wp-json\/wp\/v2\/categories?post=40353"},{"taxonomy":"post_tag","embeddable":true,"href":"https:\/\/www.sudoestehoje.com.br\/novoportal\/wp-json\/wp\/v2\/tags?post=40353"}],"curies":[{"name":"wp","href":"https:\/\/api.w.org\/{rel}","templated":true}]}}