
{"id":40349,"date":"2014-08-20T13:26:07","date_gmt":"2014-08-20T16:26:07","guid":{"rendered":"http:\/\/www.sudoestehoje.com.br\/novoportal\/?p=40349"},"modified":"2014-08-20T13:26:07","modified_gmt":"2014-08-20T16:26:07","slug":"video-inedito-mostra-queda-de-aviao-que-matou-eduardo-campos","status":"publish","type":"post","link":"https:\/\/www.sudoestehoje.com.br\/novoportal\/2014\/08\/20\/video-inedito-mostra-queda-de-aviao-que-matou-eduardo-campos\/","title":{"rendered":"VIDEO IN\u00c9DITO MOSTRA QUEDA DE AVI\u00c3O QUE MATOU EDUARDO CAMPOS"},"content":{"rendered":"<p>Imagens gravadas por uma c\u00e2mera de seguran\u00e7a de um pr\u00e9dio em Santos, litoral paulista, mostram pela primeira vez a queda da aeronave que matou o presidenci\u00e1vel Eduardo Campos (PSB) e outras seis pessoas no \u00faltimo dia 13 de agosto.<\/p>\n<p>https:\/\/www.youtube.com\/watch?v=QPDSHsGd4tc<\/p>\n<p>O v\u00eddeo demorou a ser divulgado por conta de um erro no hor\u00e1rio do sistema de monitoramento do equipamento e foi concedido \u00e0 TV Tribuna, filiada da TV Globo.<\/p>\n<p>A queda aconteceu por volta das 10h em um bairro residencial de Santos. O candidato, terceiro nas pesquisas para as elei\u00e7\u00f5es de 5 de outubro e companheiro de chapa de Marina Silva, estava a bordo de um avi\u00e3o Cessna 560XL.<\/p>\n<p>A aeronave havia decolado do aeroporto Santos Dumont, no Rio de Janeiro, com destino ao aeroporto do Guaruj\u00e1 (litoral de S\u00e3o Paulo), declarou em um comunicado Pedro Lu\u00eds Farcic, chefe do Centro de Comunica\u00e7\u00e3o Social da Aeron\u00e1utica brasileira.<\/p>\n<p>&#8220;Quando se preparava para aterrissar, o avi\u00e3o caiu devido ao mau tempo. Em seguida, o controle de tr\u00e1fego a\u00e9reo perdeu contato com a aeronave&#8221;, explicou.<\/p>\n<p>No local do acidente, em uma \u00e1rea movimentada da cidade portu\u00e1ria de Santos, era poss\u00edvel observar o jato destru\u00eddo em meio a escombros em chamas, de onde se elevava uma coluna de fuma\u00e7a, constatou um fot\u00f3grafo da AFP no local. V\u00e1rias casas tamb\u00e9m estavam em chamas.<\/p>\n","protected":false},"excerpt":{"rendered":"<p>Imagens gravadas por uma c\u00e2mera de seguran\u00e7a de um pr\u00e9dio em Santos, litoral paulista, mostram pela primeira vez a queda da aeronave que matou o presidenci\u00e1vel Eduardo Campos (PSB) e outras seis pessoas no \u00faltimo dia 13 de agosto. https:\/\/www.youtube.com\/watch?v=QPDSHsGd4tc O v\u00eddeo demorou a ser divulgado por conta de um erro no hor\u00e1rio do sistema [&hellip;]<\/p>\n","protected":false},"author":2,"featured_media":0,"comment_status":"open","ping_status":"open","sticky":false,"template":"","format":"standard","meta":{"footnotes":"","_links_to":"","_links_to_target":""},"categories":[1],"tags":[],"class_list":["post-40349","post","type-post","status-publish","format-standard","hentry","category-geral"],"views":1139,"_links":{"self":[{"href":"https:\/\/www.sudoestehoje.com.br\/novoportal\/wp-json\/wp\/v2\/posts\/40349","targetHints":{"allow":["GET"]}}],"collection":[{"href":"https:\/\/www.sudoestehoje.com.br\/novoportal\/wp-json\/wp\/v2\/posts"}],"about":[{"href":"https:\/\/www.sudoestehoje.com.br\/novoportal\/wp-json\/wp\/v2\/types\/post"}],"author":[{"embeddable":true,"href":"https:\/\/www.sudoestehoje.com.br\/novoportal\/wp-json\/wp\/v2\/users\/2"}],"replies":[{"embeddable":true,"href":"https:\/\/www.sudoestehoje.com.br\/novoportal\/wp-json\/wp\/v2\/comments?post=40349"}],"version-history":[{"count":1,"href":"https:\/\/www.sudoestehoje.com.br\/novoportal\/wp-json\/wp\/v2\/posts\/40349\/revisions"}],"predecessor-version":[{"id":40350,"href":"https:\/\/www.sudoestehoje.com.br\/novoportal\/wp-json\/wp\/v2\/posts\/40349\/revisions\/40350"}],"wp:attachment":[{"href":"https:\/\/www.sudoestehoje.com.br\/novoportal\/wp-json\/wp\/v2\/media?parent=40349"}],"wp:term":[{"taxonomy":"category","embeddable":true,"href":"https:\/\/www.sudoestehoje.com.br\/novoportal\/wp-json\/wp\/v2\/categories?post=40349"},{"taxonomy":"post_tag","embeddable":true,"href":"https:\/\/www.sudoestehoje.com.br\/novoportal\/wp-json\/wp\/v2\/tags?post=40349"}],"curies":[{"name":"wp","href":"https:\/\/api.w.org\/{rel}","templated":true}]}}