
{"id":40317,"date":"2014-08-19T19:06:02","date_gmt":"2014-08-19T22:06:02","guid":{"rendered":"http:\/\/www.sudoestehoje.com.br\/novoportal\/?p=40317"},"modified":"2014-08-19T19:06:02","modified_gmt":"2014-08-19T22:06:02","slug":"aleluia-ate-tu-rui-na-oposicao","status":"publish","type":"post","link":"https:\/\/www.sudoestehoje.com.br\/novoportal\/2014\/08\/19\/aleluia-ate-tu-rui-na-oposicao\/","title":{"rendered":"ALELUIA: &#8220;AT\u00c9 TU, RUI, NA OPOSI\u00c7\u00c3O?&#8221;"},"content":{"rendered":"<p><img decoding=\"async\" class=\"alignleft\" alt=\"\" src=\"https:\/\/fbcdn-sphotos-d-a.akamaihd.net\/hphotos-ak-xpf1\/t1.0-9\/10420010_683175941773810_3402623155613082217_n.jpg\" width=\"300\" \/><a href=\"http:\/\/www.sudoestehoje.com.br\/novoportal\/wp-content\/uploads\/2014\/08\/Aleluia_foto_Valter-Pontes4-1-1.jpg\"><img loading=\"lazy\" decoding=\"async\" class=\"aligncenter size-medium wp-image-40318\" alt=\"Aleluia_foto_Valter Pontes4 (1) (1)\" src=\"http:\/\/www.sudoestehoje.com.br\/novoportal\/wp-content\/uploads\/2014\/08\/Aleluia_foto_Valter-Pontes4-1-1.jpg\" width=\"1\" height=\"1\" \/><\/a>\u201cAt\u00e9 tu, Rui, quer ser candidato da oposi\u00e7\u00e3o ao governo?\u201d, indaga de forma ir\u00f4nica o presidente estadual do Democratas, Jos\u00e9 Carlos Aleluia, depois de assistir \u00e0 entrevista do petista no BA-TV, da TV Bahia, no in\u00edcio da noite desta segunda-feira (18).<\/p>\n<p id=\"yui_3_16_0_1_1408484748626_11089\">\u201cDepois de renegar o padrinho de sua candidatura, o governador Jaques Wagner, evitando t\u00ea-lo ao lado em suas placas de campanha, ele agora admite o fracasso da pol\u00edtica de seguran\u00e7a p\u00fablica do atual governo e condena a falta de treinamento da pol\u00edcia baiana\u201d, diz Aleluia.<\/p>\n<p id=\"yui_3_16_0_1_1408484748626_11113\">Destacando que o petista tamb\u00e9m reconheceu o caos do sistema estadual de sa\u00fade na gest\u00e3o Wagner, Aleluia observou que Rui Costa assinou o atestado de incompet\u00eancia de um governo do qual ele participou efetivamente.<\/p>\n<p id=\"yui_3_16_0_1_1408484748626_11116\">\u201cEle foi secret\u00e1rio de rela\u00e7\u00f5es institucionais e da casa civil, sendo homem de confian\u00e7a do governador. Agora, no desespero, ele vem com esta hist\u00f3ria de Nova Bahia e olhar para frente. Quer enganar quem? Est\u00e1 com vergonha de qu\u00ea mesmo?\u201d, provoca Aleluia.<\/p>\n<p id=\"yui_3_16_0_1_1408484748626_11122\">\n","protected":false},"excerpt":{"rendered":"<p>\u201cAt\u00e9 tu, Rui, quer ser candidato da oposi\u00e7\u00e3o ao governo?\u201d, indaga de forma ir\u00f4nica o presidente estadual do Democratas, Jos\u00e9 Carlos Aleluia, depois de assistir \u00e0 entrevista do petista no BA-TV, da TV Bahia, no in\u00edcio da noite desta segunda-feira (18). \u201cDepois de renegar o padrinho de sua candidatura, o governador Jaques Wagner, evitando t\u00ea-lo [&hellip;]<\/p>\n","protected":false},"author":2,"featured_media":0,"comment_status":"open","ping_status":"open","sticky":false,"template":"","format":"standard","meta":{"footnotes":"","_links_to":"","_links_to_target":""},"categories":[1],"tags":[],"class_list":["post-40317","post","type-post","status-publish","format-standard","hentry","category-geral"],"views":1384,"_links":{"self":[{"href":"https:\/\/www.sudoestehoje.com.br\/novoportal\/wp-json\/wp\/v2\/posts\/40317","targetHints":{"allow":["GET"]}}],"collection":[{"href":"https:\/\/www.sudoestehoje.com.br\/novoportal\/wp-json\/wp\/v2\/posts"}],"about":[{"href":"https:\/\/www.sudoestehoje.com.br\/novoportal\/wp-json\/wp\/v2\/types\/post"}],"author":[{"embeddable":true,"href":"https:\/\/www.sudoestehoje.com.br\/novoportal\/wp-json\/wp\/v2\/users\/2"}],"replies":[{"embeddable":true,"href":"https:\/\/www.sudoestehoje.com.br\/novoportal\/wp-json\/wp\/v2\/comments?post=40317"}],"version-history":[{"count":3,"href":"https:\/\/www.sudoestehoje.com.br\/novoportal\/wp-json\/wp\/v2\/posts\/40317\/revisions"}],"predecessor-version":[{"id":40321,"href":"https:\/\/www.sudoestehoje.com.br\/novoportal\/wp-json\/wp\/v2\/posts\/40317\/revisions\/40321"}],"wp:attachment":[{"href":"https:\/\/www.sudoestehoje.com.br\/novoportal\/wp-json\/wp\/v2\/media?parent=40317"}],"wp:term":[{"taxonomy":"category","embeddable":true,"href":"https:\/\/www.sudoestehoje.com.br\/novoportal\/wp-json\/wp\/v2\/categories?post=40317"},{"taxonomy":"post_tag","embeddable":true,"href":"https:\/\/www.sudoestehoje.com.br\/novoportal\/wp-json\/wp\/v2\/tags?post=40317"}],"curies":[{"name":"wp","href":"https:\/\/api.w.org\/{rel}","templated":true}]}}