
{"id":40313,"date":"2014-08-19T18:26:11","date_gmt":"2014-08-19T21:26:11","guid":{"rendered":"http:\/\/www.sudoestehoje.com.br\/novoportal\/?p=40313"},"modified":"2014-08-19T18:26:43","modified_gmt":"2014-08-19T21:26:43","slug":"tj-cassa-liminar-e-ex-prefeito-de-itabuna-nao-pode-ser-candidato","status":"publish","type":"post","link":"https:\/\/www.sudoestehoje.com.br\/novoportal\/2014\/08\/19\/tj-cassa-liminar-e-ex-prefeito-de-itabuna-nao-pode-ser-candidato\/","title":{"rendered":"TJ CASSA LIMINAR E EX-PREFEITO DE ITABUNA N\u00c3O PODE SER CANDIDATO"},"content":{"rendered":"<p style=\"text-align: center;\"><a href=\"http:\/\/www.sudoestehoje.com.br\/novoportal\/wp-content\/uploads\/2014\/08\/Capit\u00e3o_Azevedo_DEM_Itabuna1.jpg\"><img decoding=\"async\" class=\"wp-image-40314 alignleft\" alt=\"Capit\u00e3o_Azevedo_DEM_Itabuna1\" src=\"http:\/\/www.sudoestehoje.com.br\/novoportal\/wp-content\/uploads\/2014\/08\/Capit\u00e3o_Azevedo_DEM_Itabuna1-500x352.jpg\" width=\"300\" srcset=\"https:\/\/www.sudoestehoje.com.br\/novoportal\/wp-content\/uploads\/2014\/08\/Capit\u00e3o_Azevedo_DEM_Itabuna1-500x352.jpg 500w, https:\/\/www.sudoestehoje.com.br\/novoportal\/wp-content\/uploads\/2014\/08\/Capit\u00e3o_Azevedo_DEM_Itabuna1-700x493.jpg 700w, https:\/\/www.sudoestehoje.com.br\/novoportal\/wp-content\/uploads\/2014\/08\/Capit\u00e3o_Azevedo_DEM_Itabuna1.jpg 709w\" sizes=\"(max-width: 500px) 100vw, 500px\" \/><\/a><\/p>\n<p>O presidente do Tribunal de Justi\u00e7a da Bahia, Eserval Rocha, cassou a liminar que garantia a candidatura do ex-prefeito de Itabuna, Capit\u00e3o Azevedo (DEM), a deputado estadual. A decis\u00e3o, que por enquanto tira do pol\u00edtico a possibilidade de ser candidato, foi tomada na tarde desta segunda-feira (18) e publicada hoje (dia 19) no Di\u00e1rio Oficial do Poder Judici\u00e1rio.<\/p>\n<p>Azevedo teve contas rejeitadas pelo Tribunal de Contas dos Munic\u00edpios (TCM) e pela C\u00e2mara de Vereadores, o que o deixou na condi\u00e7\u00e3o de ficha suja e barrado pela justi\u00e7a eleitoral. No entanto, o ex-prefeito acabou conseguindo registrar sua candidatura, gra\u00e7as a uma liminar concedida no in\u00edcio de julho pelo juiz Marcos Ant\u00f4nio Bandeira.<\/p>\n<p>A C\u00e2mara de Vereadores de Itabuna entrou com recurso contra a liminar e acabou mantendo os efeitos da rejei\u00e7\u00e3o das contas do ex-prefeito. A candidatura de Azevedo estava tamb\u00e9m sub judice em raz\u00e3o de outro recurso, interposto pela Procuradoria Regional\u00a0Eleitoral. Pimenta<\/p>\n","protected":false},"excerpt":{"rendered":"<p>O presidente do Tribunal de Justi\u00e7a da Bahia, Eserval Rocha, cassou a liminar que garantia a candidatura do ex-prefeito de Itabuna, Capit\u00e3o Azevedo (DEM), a deputado estadual. A decis\u00e3o, que por enquanto tira do pol\u00edtico a possibilidade de ser candidato, foi tomada na tarde desta segunda-feira (18) e publicada hoje (dia 19) no Di\u00e1rio Oficial [&hellip;]<\/p>\n","protected":false},"author":2,"featured_media":0,"comment_status":"open","ping_status":"open","sticky":false,"template":"","format":"standard","meta":{"footnotes":"","_links_to":"","_links_to_target":""},"categories":[1],"tags":[],"class_list":["post-40313","post","type-post","status-publish","format-standard","hentry","category-geral"],"views":1101,"_links":{"self":[{"href":"https:\/\/www.sudoestehoje.com.br\/novoportal\/wp-json\/wp\/v2\/posts\/40313","targetHints":{"allow":["GET"]}}],"collection":[{"href":"https:\/\/www.sudoestehoje.com.br\/novoportal\/wp-json\/wp\/v2\/posts"}],"about":[{"href":"https:\/\/www.sudoestehoje.com.br\/novoportal\/wp-json\/wp\/v2\/types\/post"}],"author":[{"embeddable":true,"href":"https:\/\/www.sudoestehoje.com.br\/novoportal\/wp-json\/wp\/v2\/users\/2"}],"replies":[{"embeddable":true,"href":"https:\/\/www.sudoestehoje.com.br\/novoportal\/wp-json\/wp\/v2\/comments?post=40313"}],"version-history":[{"count":2,"href":"https:\/\/www.sudoestehoje.com.br\/novoportal\/wp-json\/wp\/v2\/posts\/40313\/revisions"}],"predecessor-version":[{"id":40316,"href":"https:\/\/www.sudoestehoje.com.br\/novoportal\/wp-json\/wp\/v2\/posts\/40313\/revisions\/40316"}],"wp:attachment":[{"href":"https:\/\/www.sudoestehoje.com.br\/novoportal\/wp-json\/wp\/v2\/media?parent=40313"}],"wp:term":[{"taxonomy":"category","embeddable":true,"href":"https:\/\/www.sudoestehoje.com.br\/novoportal\/wp-json\/wp\/v2\/categories?post=40313"},{"taxonomy":"post_tag","embeddable":true,"href":"https:\/\/www.sudoestehoje.com.br\/novoportal\/wp-json\/wp\/v2\/tags?post=40313"}],"curies":[{"name":"wp","href":"https:\/\/api.w.org\/{rel}","templated":true}]}}