
{"id":40294,"date":"2014-08-18T12:44:48","date_gmt":"2014-08-18T15:44:48","guid":{"rendered":"http:\/\/www.sudoestehoje.com.br\/novoportal\/?p=40294"},"modified":"2014-08-18T12:44:48","modified_gmt":"2014-08-18T15:44:48","slug":"jo-soares-deixa-hospital-e-volta-a-gravar-na-globo-em-setembro","status":"publish","type":"post","link":"https:\/\/www.sudoestehoje.com.br\/novoportal\/2014\/08\/18\/jo-soares-deixa-hospital-e-volta-a-gravar-na-globo-em-setembro\/","title":{"rendered":"J\u00d4 SOARES DEIXA HOSPITAL E VOLTA A GRAVAR NA GLOBO EM SETEMBRO"},"content":{"rendered":"<p><a href=\"http:\/\/www.sudoestehoje.com.br\/novoportal\/wp-content\/uploads\/2014\/08\/JO.jpg\"><img loading=\"lazy\" decoding=\"async\" class=\"aligncenter size-medium wp-image-40295\" alt=\"JO\" src=\"http:\/\/www.sudoestehoje.com.br\/novoportal\/wp-content\/uploads\/2014\/08\/JO-500x281.jpg\" width=\"500\" height=\"281\" srcset=\"https:\/\/www.sudoestehoje.com.br\/novoportal\/wp-content\/uploads\/2014\/08\/JO-500x281.jpg 500w, https:\/\/www.sudoestehoje.com.br\/novoportal\/wp-content\/uploads\/2014\/08\/JO.jpg 597w\" sizes=\"auto, (max-width: 500px) 100vw, 500px\" \/><\/a><\/p>\n<p>S\u00e3o Paulo &#8211; O apresentador J\u00f4 Soares deixou, nesta sexta-feira (15), o hospital S\u00edrio-Liban\u00eas, em S\u00e3o Paulo, onde ficou internado durante tr\u00eas semanas por causa de uma pneumonia.\u00a0Para despistar a imprensa, saiu pela porta dos fundos.\u00a0J\u00f4 ficar\u00e1 descansando em casa, por outras duas semanas, e voltar\u00e1 a gravar seu programa, na Globo, em setembro.<\/p>\n<div>\n<p>Assim que voltar a gravar normalmente,<strong>\u00a0<\/strong>J\u00f4 Soares\u00a0\u00a0n\u00e3o far\u00e1 os seus programas especiais de pol\u00edtica como em outros anos. A Globo receava que o quadro\u00a0<i>As Meninas do J\u00f4<\/i>\u00a0fosse questionado por candidatos cobrando direito de resposta.<\/p>\n<p>Assim que acabarem as elei\u00e7\u00f5es, o debate do apresentador com quatro jornalistas voltar\u00e1 \u00e0 programa\u00e7\u00e3o normalmente.<\/p>\n<\/div>\n","protected":false},"excerpt":{"rendered":"<p>S\u00e3o Paulo &#8211; O apresentador J\u00f4 Soares deixou, nesta sexta-feira (15), o hospital S\u00edrio-Liban\u00eas, em S\u00e3o Paulo, onde ficou internado durante tr\u00eas semanas por causa de uma pneumonia.\u00a0Para despistar a imprensa, saiu pela porta dos fundos.\u00a0J\u00f4 ficar\u00e1 descansando em casa, por outras duas semanas, e voltar\u00e1 a gravar seu programa, na Globo, em setembro. Assim [&hellip;]<\/p>\n","protected":false},"author":2,"featured_media":0,"comment_status":"open","ping_status":"open","sticky":false,"template":"","format":"standard","meta":{"footnotes":"","_links_to":"","_links_to_target":""},"categories":[1],"tags":[],"class_list":["post-40294","post","type-post","status-publish","format-standard","hentry","category-geral"],"views":2519,"_links":{"self":[{"href":"https:\/\/www.sudoestehoje.com.br\/novoportal\/wp-json\/wp\/v2\/posts\/40294","targetHints":{"allow":["GET"]}}],"collection":[{"href":"https:\/\/www.sudoestehoje.com.br\/novoportal\/wp-json\/wp\/v2\/posts"}],"about":[{"href":"https:\/\/www.sudoestehoje.com.br\/novoportal\/wp-json\/wp\/v2\/types\/post"}],"author":[{"embeddable":true,"href":"https:\/\/www.sudoestehoje.com.br\/novoportal\/wp-json\/wp\/v2\/users\/2"}],"replies":[{"embeddable":true,"href":"https:\/\/www.sudoestehoje.com.br\/novoportal\/wp-json\/wp\/v2\/comments?post=40294"}],"version-history":[{"count":1,"href":"https:\/\/www.sudoestehoje.com.br\/novoportal\/wp-json\/wp\/v2\/posts\/40294\/revisions"}],"predecessor-version":[{"id":40296,"href":"https:\/\/www.sudoestehoje.com.br\/novoportal\/wp-json\/wp\/v2\/posts\/40294\/revisions\/40296"}],"wp:attachment":[{"href":"https:\/\/www.sudoestehoje.com.br\/novoportal\/wp-json\/wp\/v2\/media?parent=40294"}],"wp:term":[{"taxonomy":"category","embeddable":true,"href":"https:\/\/www.sudoestehoje.com.br\/novoportal\/wp-json\/wp\/v2\/categories?post=40294"},{"taxonomy":"post_tag","embeddable":true,"href":"https:\/\/www.sudoestehoje.com.br\/novoportal\/wp-json\/wp\/v2\/tags?post=40294"}],"curies":[{"name":"wp","href":"https:\/\/api.w.org\/{rel}","templated":true}]}}