
{"id":40274,"date":"2014-08-18T09:32:55","date_gmt":"2014-08-18T12:32:55","guid":{"rendered":"http:\/\/www.sudoestehoje.com.br\/novoportal\/?p=40274"},"modified":"2014-08-18T09:34:53","modified_gmt":"2014-08-18T12:34:53","slug":"itapetinga-comicio-de-paulo-souto-e-geddel-confirmado-para-o-dia-30","status":"publish","type":"post","link":"https:\/\/www.sudoestehoje.com.br\/novoportal\/2014\/08\/18\/itapetinga-comicio-de-paulo-souto-e-geddel-confirmado-para-o-dia-30\/","title":{"rendered":"ITAPETINGA: COM\u00cdCIO DE PAULO SOUTO E GEDDEL CONFIRMADO PARA O DIA 30"},"content":{"rendered":"<p style=\"text-align: center;\"><a href=\"http:\/\/www.sudoestehoje.com.br\/novoportal\/wp-content\/uploads\/2014\/08\/OPOSI\u00c7\u00c3O-SOUTO.jpg\"><img decoding=\"async\" class=\"aligncenter  wp-image-40277\" alt=\"OPOSI\u00c7\u00c3O SOUTO\" src=\"http:\/\/www.sudoestehoje.com.br\/novoportal\/wp-content\/uploads\/2014\/08\/OPOSI\u00c7\u00c3O-SOUTO.jpg\" width=\"500\" \/><\/a><\/p>\n<p>ITAPETINGA: Durante a inaugura\u00e7\u00e3o do comit\u00ea regional dos candidatos a deputado federal e estadual Jos\u00e9 Carlos Aleluia e Heraldo Rocha, na \u00faltima sexta-feira, foi anunciada a realiza\u00e7\u00e3o de um grande com\u00edcio regional da chapa majorit\u00e1ria de oposi\u00e7\u00e3o, previsto para o dia 30 de agosto (sexta-feira), com as presen\u00e7as de Paulo Souto (DEM), Geddel (PMDB) e ACM Neto.<\/p>\n<p>Em conversa com o editor do <em>Sudoeste Hoje<\/em>, o ex-prefeito Michel Hagge informou que os integrantes da chapa oposicionista provavelmente chegar\u00e3o no aeroporto de Itapetinga logo pela manh\u00e3, se dirigindo para Itamb\u00e9, onde t\u00eam agenda confirmada.<\/p>\n<p>Em seguida, a comitiva realizar\u00e1 carreata em Itoror\u00f3, retornando depois para Itapetinga, onde haver\u00e1 carreata seguida de um grande com\u00edcio. Essa agenda, entretanto, poder\u00e1 sofrer modifica\u00e7\u00f5es, para atender \u00e0s lideran\u00e7as regionais.<\/p>\n<p><strong><em>Por Davi Ferraz<\/em><\/strong><\/p>\n","protected":false},"excerpt":{"rendered":"<p>ITAPETINGA: Durante a inaugura\u00e7\u00e3o do comit\u00ea regional dos candidatos a deputado federal e estadual Jos\u00e9 Carlos Aleluia e Heraldo Rocha, na \u00faltima sexta-feira, foi anunciada a realiza\u00e7\u00e3o de um grande com\u00edcio regional da chapa majorit\u00e1ria de oposi\u00e7\u00e3o, previsto para o dia 30 de agosto (sexta-feira), com as presen\u00e7as de Paulo Souto (DEM), Geddel (PMDB) e [&hellip;]<\/p>\n","protected":false},"author":2,"featured_media":0,"comment_status":"open","ping_status":"open","sticky":false,"template":"","format":"standard","meta":{"footnotes":"","_links_to":"","_links_to_target":""},"categories":[1],"tags":[],"class_list":["post-40274","post","type-post","status-publish","format-standard","hentry","category-geral"],"views":1198,"_links":{"self":[{"href":"https:\/\/www.sudoestehoje.com.br\/novoportal\/wp-json\/wp\/v2\/posts\/40274","targetHints":{"allow":["GET"]}}],"collection":[{"href":"https:\/\/www.sudoestehoje.com.br\/novoportal\/wp-json\/wp\/v2\/posts"}],"about":[{"href":"https:\/\/www.sudoestehoje.com.br\/novoportal\/wp-json\/wp\/v2\/types\/post"}],"author":[{"embeddable":true,"href":"https:\/\/www.sudoestehoje.com.br\/novoportal\/wp-json\/wp\/v2\/users\/2"}],"replies":[{"embeddable":true,"href":"https:\/\/www.sudoestehoje.com.br\/novoportal\/wp-json\/wp\/v2\/comments?post=40274"}],"version-history":[{"count":5,"href":"https:\/\/www.sudoestehoje.com.br\/novoportal\/wp-json\/wp\/v2\/posts\/40274\/revisions"}],"predecessor-version":[{"id":40280,"href":"https:\/\/www.sudoestehoje.com.br\/novoportal\/wp-json\/wp\/v2\/posts\/40274\/revisions\/40280"}],"wp:attachment":[{"href":"https:\/\/www.sudoestehoje.com.br\/novoportal\/wp-json\/wp\/v2\/media?parent=40274"}],"wp:term":[{"taxonomy":"category","embeddable":true,"href":"https:\/\/www.sudoestehoje.com.br\/novoportal\/wp-json\/wp\/v2\/categories?post=40274"},{"taxonomy":"post_tag","embeddable":true,"href":"https:\/\/www.sudoestehoje.com.br\/novoportal\/wp-json\/wp\/v2\/tags?post=40274"}],"curies":[{"name":"wp","href":"https:\/\/api.w.org\/{rel}","templated":true}]}}