
{"id":40266,"date":"2014-08-18T08:47:50","date_gmt":"2014-08-18T11:47:50","guid":{"rendered":"http:\/\/www.sudoestehoje.com.br\/novoportal\/?p=40266"},"modified":"2014-08-18T08:48:13","modified_gmt":"2014-08-18T11:48:13","slug":"datafolha-marina-aparece-com-21-e-venceria-dilma-do-2o-turno","status":"publish","type":"post","link":"https:\/\/www.sudoestehoje.com.br\/novoportal\/2014\/08\/18\/datafolha-marina-aparece-com-21-e-venceria-dilma-do-2o-turno\/","title":{"rendered":"DATAFOLHA: MARINA LARGA COM 21% E VENCERIA DILMA DO 2\u00ba TURNO"},"content":{"rendered":"<p><img decoding=\"async\" class=\"aligncenter\" alt=\"\" src=\"https:\/\/fbcdn-sphotos-c-a.akamaihd.net\/hphotos-ak-xfa1\/t1.0-9\/10592700_842462152462456_4906011078220905196_n.jpg\" width=\"500\" \/><\/p>\n<p>Marina Silva (PSB) entra na disputa pela Presid\u00eancia com 21% das inten\u00e7\u00f5es de voto. Segundo o Datafolha, ela larga em segundo lugar na corrida presidencial, um ponto \u00e0 frente de A\u00e9cio Neves (PSDB) \u2013o que os coloca em situa\u00e7\u00e3o de empate t\u00e9cnico\u2013 e 15 pontos atr\u00e1s de Dilma Rousseff, candidata \u00e0 reelei\u00e7\u00e3o pelo PT.<\/p>\n<p>Inicialmente inscrita como vice na chapa de Eduardo Campos, o presidenci\u00e1vel do PSB morto no \u00faltimo dia 13, a ex-ministra tem um desempenho que afasta a chance de a elei\u00e7\u00e3o ser resolvida no primeiro turno.<\/p>\n<p>J\u00e1 na simula\u00e7\u00e3o de segundo turno, Marina, que deve ser oficializada candidata na quarta-feira (20), fica numericamente \u00e0 frente de Dilma, com 47% das inten\u00e7\u00f5es de voto contra 43% da presidente.<!--more--><\/p>\n<p>\u00c9 uma situa\u00e7\u00e3o de empate t\u00e9cnico nos limites m\u00e1ximos da margem de erro, que \u00e9 de dois pontos percentuais para mais ou para menos.<\/p>\n<p>Contra A\u00e9cio, Dilma venceria o segundo turno por 47% a 39%. Nesse caso, os oito pontos de diferen\u00e7a representam uma amplia\u00e7\u00e3o da vantagem da petista. Em meados de julho, o cen\u00e1rio era de 44% a 40% (empate t\u00e9cnico).<\/p>\n<p>A hip\u00f3tese de conclus\u00e3o da elei\u00e7\u00e3o no primeiro turno \u00e9 afastada porque Marina surgiu com quase o triplo das inten\u00e7\u00f5es de voto em Campos (8%), por\u00e9m sem provocar altera\u00e7\u00e3o nas taxas dos rivais mais competitivos.<\/p>\n<p>Com Campos no p\u00e1reo, Dilma tamb\u00e9m tinha 36%. A\u00e9cio alcan\u00e7ava os mesmos 20%.<\/p>\n<p>Na compara\u00e7\u00e3o direta entre o cen\u00e1rio atual, com Marina, e o cen\u00e1rio anterior, com Campos, ca\u00edram de forma not\u00e1vel os percentuais de eleitores sem candidato.<\/p>\n<p>Inten\u00e7\u00f5es de voto nulo ou em branco eram 13%. Com Marina candidata, essa taxa recuou para 8%. Indecisos eram 14% e agora s\u00e3o 9%.<\/p>\n<p>V\u00e1rios analistas apresentaram Marina como poss\u00edvel herdeira de um grupo crescente de eleitores descontentes com o sistema pol\u00edtico. Nos protestos de junho de 2013, um sentimento de rejei\u00e7\u00e3o aos partidos ficou expl\u00edcito.<\/p>\n<p>Os dados da atual pesquisa combinam com esse tipo de interpreta\u00e7\u00e3o. Muitos que pensavam em fazer um voto de protesto (anular), ou estavam com dificuldade para escolher, v\u00e3o de Marina se essa op\u00e7\u00e3o estiver ao alcance.<\/p>\n<p>Outra informa\u00e7\u00e3o que refor\u00e7a essa tese aparece na simula\u00e7\u00e3o de primeiro turno da atual pesquisa sem o nome de Marina no cart\u00e3o de resposta \u2013situa\u00e7\u00e3o que seria poss\u00edvel caso o PSB deixasse de lan\u00e7ar a ex-ministra de Lula e abrisse m\u00e3o da candidatura pr\u00f3pria.<\/p>\n<p>Nesse cen\u00e1rio, Dilma venceria a elei\u00e7\u00e3o j\u00e1 no primeiro turno com 41% (oito pontos a mais que a soma de seus rivais). Mas o percentual de eleitores sem candidato continuaria alto: 13% de brancos e nulos, 12% de indecisos.<\/p>\n<p>Um conjunto de dados da atual rodada do Datafolha sugere que a entrada de Marina na disputa ocorre num momento de recupera\u00e7\u00e3o de Dilma. Al\u00e9m da amplia\u00e7\u00e3o de sua vantagem sobre A\u00e9cio no teste de segundo turno, a avalia\u00e7\u00e3o do governo melhorou, sua taxa de rejei\u00e7\u00e3o oscilou para baixo (35% para 34%), e as inten\u00e7\u00f5es de voto espont\u00e2neas com seu nome oscilaram para cima (22% para 24%).<\/p>\n<p>O Datafolha ouviu 2.843 eleitores em 176 munic\u00edpios nos dias 14 e 15 de agosto.<\/p>\n","protected":false},"excerpt":{"rendered":"<p>Marina Silva (PSB) entra na disputa pela Presid\u00eancia com 21% das inten\u00e7\u00f5es de voto. Segundo o Datafolha, ela larga em segundo lugar na corrida presidencial, um ponto \u00e0 frente de A\u00e9cio Neves (PSDB) \u2013o que os coloca em situa\u00e7\u00e3o de empate t\u00e9cnico\u2013 e 15 pontos atr\u00e1s de Dilma Rousseff, candidata \u00e0 reelei\u00e7\u00e3o pelo PT. Inicialmente [&hellip;]<\/p>\n","protected":false},"author":2,"featured_media":0,"comment_status":"open","ping_status":"open","sticky":false,"template":"","format":"standard","meta":{"footnotes":"","_links_to":"","_links_to_target":""},"categories":[1],"tags":[],"class_list":["post-40266","post","type-post","status-publish","format-standard","hentry","category-geral"],"views":1085,"_links":{"self":[{"href":"https:\/\/www.sudoestehoje.com.br\/novoportal\/wp-json\/wp\/v2\/posts\/40266","targetHints":{"allow":["GET"]}}],"collection":[{"href":"https:\/\/www.sudoestehoje.com.br\/novoportal\/wp-json\/wp\/v2\/posts"}],"about":[{"href":"https:\/\/www.sudoestehoje.com.br\/novoportal\/wp-json\/wp\/v2\/types\/post"}],"author":[{"embeddable":true,"href":"https:\/\/www.sudoestehoje.com.br\/novoportal\/wp-json\/wp\/v2\/users\/2"}],"replies":[{"embeddable":true,"href":"https:\/\/www.sudoestehoje.com.br\/novoportal\/wp-json\/wp\/v2\/comments?post=40266"}],"version-history":[{"count":2,"href":"https:\/\/www.sudoestehoje.com.br\/novoportal\/wp-json\/wp\/v2\/posts\/40266\/revisions"}],"predecessor-version":[{"id":40268,"href":"https:\/\/www.sudoestehoje.com.br\/novoportal\/wp-json\/wp\/v2\/posts\/40266\/revisions\/40268"}],"wp:attachment":[{"href":"https:\/\/www.sudoestehoje.com.br\/novoportal\/wp-json\/wp\/v2\/media?parent=40266"}],"wp:term":[{"taxonomy":"category","embeddable":true,"href":"https:\/\/www.sudoestehoje.com.br\/novoportal\/wp-json\/wp\/v2\/categories?post=40266"},{"taxonomy":"post_tag","embeddable":true,"href":"https:\/\/www.sudoestehoje.com.br\/novoportal\/wp-json\/wp\/v2\/tags?post=40266"}],"curies":[{"name":"wp","href":"https:\/\/api.w.org\/{rel}","templated":true}]}}