
{"id":40261,"date":"2014-08-17T21:48:57","date_gmt":"2014-08-18T00:48:57","guid":{"rendered":"http:\/\/www.sudoestehoje.com.br\/novoportal\/?p=40261"},"modified":"2014-08-17T21:48:57","modified_gmt":"2014-08-18T00:48:57","slug":"corpo-de-eduardo-campos-e-sepultado-sob-forte-comocao-popular","status":"publish","type":"post","link":"https:\/\/www.sudoestehoje.com.br\/novoportal\/2014\/08\/17\/corpo-de-eduardo-campos-e-sepultado-sob-forte-comocao-popular\/","title":{"rendered":"CORPO DE EDUARDO CAMPOS \u00c9 SEPULTADO SOB FORTE COMO\u00c7\u00c3O POPULAR"},"content":{"rendered":"<p><a href=\"http:\/\/www.sudoestehoje.com.br\/novoportal\/wp-content\/uploads\/2014\/08\/enterro-campos.jpg\"><img loading=\"lazy\" decoding=\"async\" class=\"aligncenter size-medium wp-image-40262\" alt=\"enterro campos\" src=\"http:\/\/www.sudoestehoje.com.br\/novoportal\/wp-content\/uploads\/2014\/08\/enterro-campos-500x331.jpg\" width=\"500\" height=\"331\" srcset=\"https:\/\/www.sudoestehoje.com.br\/novoportal\/wp-content\/uploads\/2014\/08\/enterro-campos-500x331.jpg 500w, https:\/\/www.sudoestehoje.com.br\/novoportal\/wp-content\/uploads\/2014\/08\/enterro-campos.jpg 620w\" sizes=\"auto, (max-width: 500px) 100vw, 500px\" \/><\/a><\/p>\n<p><strong><em>Ag\u00eancia Brasil<\/em><\/strong><\/p>\n<p>Mais de cem horas ap\u00f3s o acidente a\u00e9reo que resultou na morte de Eduardo Campos e de mais seis pessoas, o corpo do ex-governador de Pernambuco foi enterrado h\u00e1 pouco ao lado do av\u00f4, Miguel Arraes, no Cemit\u00e9rio de Santo Amaro, em uma sepultura simples, sem luxo, rodeada apenas de flores e placas de m\u00e1rmore com identifica\u00e7\u00e3o. Fogos de artif\u00edcio e gritos de &#8220;Eduardo, guerreiro do povo brasileiro&#8221; marcaram o encerramento da cerim\u00f4nia.<\/p>\n<p><img decoding=\"async\" class=\"aligncenter\" alt=\"\" src=\"http:\/\/w3.c24hsttc.net\/uploads\/RTEmagicC_campos2.jpg.jpg\" width=\"500\" \/><\/p>\n<div>\n<p>Nas ruas, nos bancos, nas cal\u00e7adas em cima dos jazigos \u2013 alguns seculares de m\u00e1rmore \u2013, cada metro do Cemit\u00e9rio Santo Amaro foi disputado pelos admiradores do ex-governador na chegada do caix\u00e3o com os restos mortais do pol\u00edtico ao local. As vias pr\u00f3ximas ao cemit\u00e9rio estavam cheias de \u00f4nibus com caravanas de v\u00e1rias cidades do estado. Segundo a Pol\u00edcia Militar, 150 mil pessoas passaram pelo vel\u00f3rio de Campos, na sede do governo de Pernambuco.<!--more--><\/p>\n<\/div>\n<div>\n<p>&#8220;Viemos prestar nossa solidariedade e agradecer tudo de bom que ele fez pela gente&#8221; , disse Mikaela Kalina, \u00a0de 26 anos, que saiu da cidade de Ribeir\u00e3o, a aproximadamente 100 quil\u00f4metro do Recife. Com ela, mais 300 pessoas foram ao Recife na caravana de oito \u00f4nibus.<\/p>\n<p>Pr\u00f3ximo \u00e0 cova, apenas a familia e amigos. Houve chuva de flores. O \u00faltimo adeus ao pai, irm\u00e3o, filho, tio, neto, sobrinho foi observado atentamente pela multid\u00e3o, que gritava pedindo justi\u00e7a e que as causas do acidente sejam esclarecidas. A esposa, Renata Campos, quatro dos cinco filhos do casal, a m\u00e3e, Ana Arraes, que estiveram ao lado do caix\u00e3o desde a madruga quando foi trazido de S\u00e3o Paulo, e o irm\u00e3o, Ant\u00f4nio Campos estavam entre os mais emocionados.<\/p>\n<div>\n<p>O auxiliar de servi\u00e7os gerais Jos\u00e9 Fernando de Souza, que h\u00e1 mais de 40 anos trabalha no cemit\u00e9rio, disse que nunca tinha presenciado movimenta\u00e7\u00e3o t\u00e3o intensa em um sepultamento.<\/p>\n<p>Desde a \u00faltima quarta-feira, dia do acidente, o cemit\u00e9rio passou por reparos para abrigar o ex-governador. Ao longo do percurso feito pelo cortejo f\u00fanebre, centenas de coroas de flores enfeitaram as cal\u00e7adas e ajudavam a confortar a dor da fam\u00edlia pela perda inesperada.<\/p>\n<\/div>\n<div>\n<p>Com o sepultamento do maior nome do partido, o PSB agora buscar\u00e1 unidade em torno do nome de Marina Silva para prosseguir a disputa pela Presid\u00eancia da Rep\u00fablica.<\/p>\n<\/div>\n<\/div>\n","protected":false},"excerpt":{"rendered":"<p>Ag\u00eancia Brasil Mais de cem horas ap\u00f3s o acidente a\u00e9reo que resultou na morte de Eduardo Campos e de mais seis pessoas, o corpo do ex-governador de Pernambuco foi enterrado h\u00e1 pouco ao lado do av\u00f4, Miguel Arraes, no Cemit\u00e9rio de Santo Amaro, em uma sepultura simples, sem luxo, rodeada apenas de flores e placas [&hellip;]<\/p>\n","protected":false},"author":2,"featured_media":0,"comment_status":"open","ping_status":"open","sticky":false,"template":"","format":"standard","meta":{"footnotes":"","_links_to":"","_links_to_target":""},"categories":[1],"tags":[],"class_list":["post-40261","post","type-post","status-publish","format-standard","hentry","category-geral"],"views":1553,"_links":{"self":[{"href":"https:\/\/www.sudoestehoje.com.br\/novoportal\/wp-json\/wp\/v2\/posts\/40261","targetHints":{"allow":["GET"]}}],"collection":[{"href":"https:\/\/www.sudoestehoje.com.br\/novoportal\/wp-json\/wp\/v2\/posts"}],"about":[{"href":"https:\/\/www.sudoestehoje.com.br\/novoportal\/wp-json\/wp\/v2\/types\/post"}],"author":[{"embeddable":true,"href":"https:\/\/www.sudoestehoje.com.br\/novoportal\/wp-json\/wp\/v2\/users\/2"}],"replies":[{"embeddable":true,"href":"https:\/\/www.sudoestehoje.com.br\/novoportal\/wp-json\/wp\/v2\/comments?post=40261"}],"version-history":[{"count":1,"href":"https:\/\/www.sudoestehoje.com.br\/novoportal\/wp-json\/wp\/v2\/posts\/40261\/revisions"}],"predecessor-version":[{"id":40263,"href":"https:\/\/www.sudoestehoje.com.br\/novoportal\/wp-json\/wp\/v2\/posts\/40261\/revisions\/40263"}],"wp:attachment":[{"href":"https:\/\/www.sudoestehoje.com.br\/novoportal\/wp-json\/wp\/v2\/media?parent=40261"}],"wp:term":[{"taxonomy":"category","embeddable":true,"href":"https:\/\/www.sudoestehoje.com.br\/novoportal\/wp-json\/wp\/v2\/categories?post=40261"},{"taxonomy":"post_tag","embeddable":true,"href":"https:\/\/www.sudoestehoje.com.br\/novoportal\/wp-json\/wp\/v2\/tags?post=40261"}],"curies":[{"name":"wp","href":"https:\/\/api.w.org\/{rel}","templated":true}]}}