
{"id":40256,"date":"2014-08-17T19:54:14","date_gmt":"2014-08-17T22:54:14","guid":{"rendered":"http:\/\/www.sudoestehoje.com.br\/novoportal\/?p=40256"},"modified":"2014-08-17T19:54:14","modified_gmt":"2014-08-17T22:54:14","slug":"foco-no-poder-7","status":"publish","type":"post","link":"https:\/\/www.sudoestehoje.com.br\/novoportal\/2014\/08\/17\/foco-no-poder-7\/","title":{"rendered":"FOCO NO PODER"},"content":{"rendered":"<div><a href=\"http:\/\/www.sudoestehoje.com.br\/novoportal\/wp-content\/uploads\/2014\/08\/foco-no-poder.jpg\"><img loading=\"lazy\" decoding=\"async\" class=\"aligncenter size-medium wp-image-40257\" alt=\"foco no poder\" src=\"http:\/\/www.sudoestehoje.com.br\/novoportal\/wp-content\/uploads\/2014\/08\/foco-no-poder-500x185.jpg\" width=\"500\" height=\"185\" srcset=\"https:\/\/www.sudoestehoje.com.br\/novoportal\/wp-content\/uploads\/2014\/08\/foco-no-poder-500x185.jpg 500w, https:\/\/www.sudoestehoje.com.br\/novoportal\/wp-content\/uploads\/2014\/08\/foco-no-poder-700x259.jpg 700w, https:\/\/www.sudoestehoje.com.br\/novoportal\/wp-content\/uploads\/2014\/08\/foco-no-poder.jpg 960w\" sizes=\"auto, (max-width: 500px) 100vw, 500px\" \/><\/a><\/div>\n<div><strong><em>\u00a0<\/em><\/strong><\/div>\n<div>\n<p><b><i>Por Dilvan Coelho<\/i><\/b><\/p>\n<p><i>Pesquisa mostra vit\u00f3ria de Paulo Souto<\/i><\/p>\n<p>Segundo o instituto Ibespe\/Bahia Noticias, se a elei\u00e7\u00e3o fosse hoje Paulo Souto venceria no primeiro turno com 47% dos votos, enquanto Rui Costa aparece com apenas 14% e Lidice da Mata 9%. A an\u00e1lise que fizemos na semana passada causou certo mal estar em membros do governo, devido ao fato desta coluna sair em alguns \u00f3rg\u00e3os de imprensa na regi\u00e3o Sudoeste e estarmos coordenando a parte de Marketing de um candidato da base aliada do governo. O que precisam entender \u00e9 que o Foco no Poder n\u00e3o est\u00e1 a servi\u00e7o deste ou daquele candidato, buscamos analisar o contexto pol\u00edtico com imparcialidade. Se assim n\u00e3o fosse, n\u00e3o ter\u00edamos o n\u00famero de acessos que temos hoje, chegando a 50 pa\u00edses e atingindo cerca de 3 milh\u00f5es de pessoas. O nosso maior compromisso \u00e9 com a verdade!<\/p>\n<p><i>Tim\u00f3teo Apresenta planos para 2 regi\u00f5es<\/i><\/p>\n<p>O deputado Tim\u00f3teo Brito mandou elaborar estudos para debater com as cidades dois planos de desenvolvimento para as duas regi\u00f5es aonde ser\u00e1 votado de forma significativa: Extremo Sul da Bahia e sua regi\u00e3o de origem, Sudoeste da Bahia. No Extremo Sul Tim\u00f3teo dever\u00e1 receber votos em praticamente todos os munic\u00edpios e no Sudoeste est\u00e1 recebendo apoios de lideran\u00e7as fortes em cerca de 8 munic\u00edpios. Segundo o deputado ele quer assumir compromissos com estas regi\u00f5es para que depois possa ser cobrado naquilo que apresentou como plataforma de trabalho. O desenvolvimento econ\u00f4mico e social \u00e9 de fundamental import\u00e2ncia e deve ser planejado para evitar que as regi\u00f5es cres\u00e7am de forma desordenada e sem sustentabilidade. Parabenizamos ao deputado pela iniciativa!<\/p>\n<p><i>Com a morte de Campos o quadro poder\u00e1 mudar<\/i><\/p>\n<p>Com o inesperado desaparecimento de Eduardo Campos o cen\u00e1rio pol\u00edtico no Brasil poder\u00e1 sofrer uma mudan\u00e7a significativa. J\u00e1 existem previs\u00f5es de que o segundo turno ser\u00e1 uma disputa entre Marina Silva e A\u00e9cio Neves e n\u00e3o mais entre Dilma e A\u00e9cio como estava sendo desenhado o quadro antes do acidente que vitimou Campos. Passado o momento de consterna\u00e7\u00e3o as pesquisas ir\u00e3o apontar que rumo o eleitor estar\u00e1 tomando. Ao certo ningu\u00e9m sabe ainda para aonde poder\u00e1 estourar a boiada humana. Determinados indicadores j\u00e1 apontavam que dificilmente Dilma venceria as elei\u00e7\u00f5es. Ela tem hoje uma rejei\u00e7\u00e3o que \u00e9 critica 42%, enquanto o \u00edndice de avalia\u00e7\u00e3o \u00f3timo\/bom do seu governo \u00e9 de 32%, o que \u00e9 um \u00edndice de alto risco.<\/p>\n<p><!--more--><i>Teixeira est\u00e1 recebendo 3 importantes equipamentos<\/i><\/p>\n<p>At\u00e9 o final do ano de 2014 Teixeira estar\u00e1 sendo dotada de 3 investimentos importantes para o seu desenvolvimento. O aeroporto que dever\u00e1 ser inaugurado no final do m\u00eas de setembro, o campus da Universidade Federal que j\u00e1 est\u00e1 atuando nos cursos da \u00e1rea de Sa\u00fade e a inaugura\u00e7\u00e3o do Shopping Patiomix que dever\u00e1 ser inaugurado tamb\u00e9m no final do m\u00eas de setembro. Todos os tr\u00eas equipamentos ser\u00e3o de extraordin\u00e1ria import\u00e2ncia, mas o Aeroporto sem d\u00favida que ser\u00e1 fundamental para que haja possiblidades de investidores de outras regi\u00f5es venham investir no polo regional que Teixeira se transformou. Al\u00e9m de atender ao Extremo Sul, o aeroporto atender\u00e1 tamb\u00e9m o norte do Espirito Santo e a regi\u00e3o nordeste de Minas Gerais.<\/p>\n<p><i>Foi aberta CPI em Teixeira de Freitas<\/i><\/p>\n<p>A C\u00e2mara de vereadores abriu uma CPI em Teixeira de Freitas visando apurar poss\u00edveis irregularidades nas OSCIPES que foram contratadas pela prefeitura para terceirizar os servi\u00e7os da contrata\u00e7\u00e3o de pessoal para trabalhar nas mais diversas secretarias do governo de Jo\u00e3o Bosco. Com esta CPI d\u00e1 margem a que outras tamb\u00e9m sejam abertas, como no setor de comunica\u00e7\u00e3o que muitos recursos possivelmente estejam sendo evadidos para atender esquemas montados no governo de Jo\u00e3o Bosco. Comenta-se tamb\u00e9m a possiblidade de abrir outra CPI para apurar irregularidades na Secretaria de Educa\u00e7\u00e3o aonde existem tamb\u00e9m ind\u00edcios de um rombo no valor de seis milh\u00f5es de reais.<\/p>\n<\/div>\n","protected":false},"excerpt":{"rendered":"<p>\u00a0 Por Dilvan Coelho Pesquisa mostra vit\u00f3ria de Paulo Souto Segundo o instituto Ibespe\/Bahia Noticias, se a elei\u00e7\u00e3o fosse hoje Paulo Souto venceria no primeiro turno com 47% dos votos, enquanto Rui Costa aparece com apenas 14% e Lidice da Mata 9%. A an\u00e1lise que fizemos na semana passada causou certo mal estar em membros [&hellip;]<\/p>\n","protected":false},"author":2,"featured_media":0,"comment_status":"open","ping_status":"open","sticky":false,"template":"","format":"standard","meta":{"footnotes":"","_links_to":"","_links_to_target":""},"categories":[1],"tags":[],"class_list":["post-40256","post","type-post","status-publish","format-standard","hentry","category-geral"],"views":1179,"_links":{"self":[{"href":"https:\/\/www.sudoestehoje.com.br\/novoportal\/wp-json\/wp\/v2\/posts\/40256","targetHints":{"allow":["GET"]}}],"collection":[{"href":"https:\/\/www.sudoestehoje.com.br\/novoportal\/wp-json\/wp\/v2\/posts"}],"about":[{"href":"https:\/\/www.sudoestehoje.com.br\/novoportal\/wp-json\/wp\/v2\/types\/post"}],"author":[{"embeddable":true,"href":"https:\/\/www.sudoestehoje.com.br\/novoportal\/wp-json\/wp\/v2\/users\/2"}],"replies":[{"embeddable":true,"href":"https:\/\/www.sudoestehoje.com.br\/novoportal\/wp-json\/wp\/v2\/comments?post=40256"}],"version-history":[{"count":3,"href":"https:\/\/www.sudoestehoje.com.br\/novoportal\/wp-json\/wp\/v2\/posts\/40256\/revisions"}],"predecessor-version":[{"id":40260,"href":"https:\/\/www.sudoestehoje.com.br\/novoportal\/wp-json\/wp\/v2\/posts\/40256\/revisions\/40260"}],"wp:attachment":[{"href":"https:\/\/www.sudoestehoje.com.br\/novoportal\/wp-json\/wp\/v2\/media?parent=40256"}],"wp:term":[{"taxonomy":"category","embeddable":true,"href":"https:\/\/www.sudoestehoje.com.br\/novoportal\/wp-json\/wp\/v2\/categories?post=40256"},{"taxonomy":"post_tag","embeddable":true,"href":"https:\/\/www.sudoestehoje.com.br\/novoportal\/wp-json\/wp\/v2\/tags?post=40256"}],"curies":[{"name":"wp","href":"https:\/\/api.w.org\/{rel}","templated":true}]}}