
{"id":40251,"date":"2014-08-17T11:20:42","date_gmt":"2014-08-17T14:20:42","guid":{"rendered":"http:\/\/www.sudoestehoje.com.br\/novoportal\/?p=40251"},"modified":"2014-08-17T11:21:57","modified_gmt":"2014-08-17T14:21:57","slug":"lula-e-dilma-sao-vaiados-no-velorio-de-eduardo-campos","status":"publish","type":"post","link":"https:\/\/www.sudoestehoje.com.br\/novoportal\/2014\/08\/17\/lula-e-dilma-sao-vaiados-no-velorio-de-eduardo-campos\/","title":{"rendered":"LULA E DILMA S\u00c3O VAIADOS NO VEL\u00d3RIO DE EDUARDO CAMPOS"},"content":{"rendered":"<p><a href=\"http:\/\/www.sudoestehoje.com.br\/novoportal\/wp-content\/uploads\/2014\/08\/lula-e-dilma-vel\u00f3rio.jpg\"><img loading=\"lazy\" decoding=\"async\" class=\"aligncenter size-medium wp-image-40252\" alt=\"lula e dilma vel\u00f3rio\" src=\"http:\/\/www.sudoestehoje.com.br\/novoportal\/wp-content\/uploads\/2014\/08\/lula-e-dilma-vel\u00f3rio-500x281.jpg\" width=\"500\" height=\"281\" srcset=\"https:\/\/www.sudoestehoje.com.br\/novoportal\/wp-content\/uploads\/2014\/08\/lula-e-dilma-vel\u00f3rio-500x281.jpg 500w, https:\/\/www.sudoestehoje.com.br\/novoportal\/wp-content\/uploads\/2014\/08\/lula-e-dilma-vel\u00f3rio.jpg 597w\" sizes=\"auto, (max-width: 500px) 100vw, 500px\" \/><\/a><\/p>\n<p>A presidente Dilma Rousseff e o ex-presidente Luiz In\u00e1cio Lula da Silva foram vaiados na manh\u00e3 deste domingo (17) ao chegarem ao Pal\u00e1cio do Campo das Princesas, sede do governo de Pernambuco, para o vel\u00f3rio de Eduardo Campos, que se tornou advers\u00e1rio dos dois no ano passado, quando decidiu disputar a Presid\u00eancia.<\/p>\n<p>Eles chegaram por pouco antes das 10h. Lula chorou na chegada, abra\u00e7ou um dos filhos de Eduardo Campos, conversou longamente com Renata, vi\u00fava de Campos, e ficou atr\u00e1s do prefeito do Recife, Geraldo Julio.\u00a0J\u00e1 Dilma ficou deslocada em meio \u00e0 fam\u00edlia do ex-governador de Pernambuco.\u00a0Ap\u00f3s as vaias, algu\u00e9m puxou aplausos e o p\u00fablico acompanhou. Pessoas na plateia gritaram o nome de Campos.<!--more--><\/p>\n<p>O prefeito de S\u00e3o Paulo, Fernando Haddad, o ex-ministro da Sa\u00fade de Dilma e candidato do PT ao governo de S\u00e3o Paulo, Alexandre Padilha, e o ministro da Casa Civil, Alo\u00edsio Mercadante est\u00e3o junto com a presidente e o ex.O governador Geraldo Alckmin (PSDB-SP), o ex-governador Jos\u00e9 Serra (PSDB-SP) tamb\u00e9m j\u00e1 chegaram ao vel\u00f3rio.<\/p>\n<p>O senador A\u00e9cio Neves (MG), candidato tucano \u00e0 Presid\u00eancia, tamb\u00e9m est\u00e1 presente no vel\u00f3rio. Al\u00e9m dele, acompanham a cerim\u00f4nia o governador Jaques Wagner (PT-BA), Agnelo Queiroz (PT-DF), Renato Casagrante (PSB-ES), Teot\u00f4nio Vilela Filho (PSDB-AL), a ministra Ideli Salvatti (Direitos Humanos), o porta-voz da Presid\u00eancia, Thomas Traumann, os senadores Armando Monteiro (PTB-PE) e Eun\u00edcio Oliveira (PMDB-CE).<\/p>\n<p>O palco onde est\u00e3o os caix\u00f5es de Eduardo Campos e de seus assessores Carlos Percol e Alexandre Severo est\u00e1 t\u00e3o lotado que um seguran\u00e7a da presidente Dilma pediu pelo r\u00e1dio para a \u00e1rea ser evacuada, pois a estrutura est\u00e1 balan\u00e7ando.<\/p>\n<p>O pastor Everaldo, candidato \u00e0 Presid\u00eancia pelo PSC, a coordenadora do programa de governo de Marina, Neca Set\u00fabal, o governador do Rio, Luiz Fernando Pez\u00e3o (PMDB) e o prefeito de S\u00e3o Bernardo do Campo, Luiz Marinho (PT) j\u00e1 participam da missa campal.<strong><em> Folha<\/em><\/strong><\/p>\n","protected":false},"excerpt":{"rendered":"<p>A presidente Dilma Rousseff e o ex-presidente Luiz In\u00e1cio Lula da Silva foram vaiados na manh\u00e3 deste domingo (17) ao chegarem ao Pal\u00e1cio do Campo das Princesas, sede do governo de Pernambuco, para o vel\u00f3rio de Eduardo Campos, que se tornou advers\u00e1rio dos dois no ano passado, quando decidiu disputar a Presid\u00eancia. Eles chegaram por [&hellip;]<\/p>\n","protected":false},"author":2,"featured_media":0,"comment_status":"open","ping_status":"open","sticky":false,"template":"","format":"standard","meta":{"footnotes":"","_links_to":"","_links_to_target":""},"categories":[1],"tags":[],"class_list":["post-40251","post","type-post","status-publish","format-standard","hentry","category-geral"],"views":2367,"_links":{"self":[{"href":"https:\/\/www.sudoestehoje.com.br\/novoportal\/wp-json\/wp\/v2\/posts\/40251","targetHints":{"allow":["GET"]}}],"collection":[{"href":"https:\/\/www.sudoestehoje.com.br\/novoportal\/wp-json\/wp\/v2\/posts"}],"about":[{"href":"https:\/\/www.sudoestehoje.com.br\/novoportal\/wp-json\/wp\/v2\/types\/post"}],"author":[{"embeddable":true,"href":"https:\/\/www.sudoestehoje.com.br\/novoportal\/wp-json\/wp\/v2\/users\/2"}],"replies":[{"embeddable":true,"href":"https:\/\/www.sudoestehoje.com.br\/novoportal\/wp-json\/wp\/v2\/comments?post=40251"}],"version-history":[{"count":3,"href":"https:\/\/www.sudoestehoje.com.br\/novoportal\/wp-json\/wp\/v2\/posts\/40251\/revisions"}],"predecessor-version":[{"id":40255,"href":"https:\/\/www.sudoestehoje.com.br\/novoportal\/wp-json\/wp\/v2\/posts\/40251\/revisions\/40255"}],"wp:attachment":[{"href":"https:\/\/www.sudoestehoje.com.br\/novoportal\/wp-json\/wp\/v2\/media?parent=40251"}],"wp:term":[{"taxonomy":"category","embeddable":true,"href":"https:\/\/www.sudoestehoje.com.br\/novoportal\/wp-json\/wp\/v2\/categories?post=40251"},{"taxonomy":"post_tag","embeddable":true,"href":"https:\/\/www.sudoestehoje.com.br\/novoportal\/wp-json\/wp\/v2\/tags?post=40251"}],"curies":[{"name":"wp","href":"https:\/\/api.w.org\/{rel}","templated":true}]}}