
{"id":40249,"date":"2014-08-17T10:04:17","date_gmt":"2014-08-17T13:04:17","guid":{"rendered":"http:\/\/www.sudoestehoje.com.br\/novoportal\/?p=40249"},"modified":"2014-08-17T10:04:17","modified_gmt":"2014-08-17T13:04:17","slug":"inauguracao-do-comite-de-aleluia-e-heraldo-rocha-em-itapetinga","status":"publish","type":"post","link":"https:\/\/www.sudoestehoje.com.br\/novoportal\/2014\/08\/17\/inauguracao-do-comite-de-aleluia-e-heraldo-rocha-em-itapetinga\/","title":{"rendered":"INAUGURA\u00c7\u00c3O DO COMIT\u00ca DE ALELUIA E HERALDO ROCHA EM ITAPETINGA"},"content":{"rendered":"<p><iframe loading=\"lazy\" title=\"INAUGURA\u00c7\u00c3O DO COMIT\u00ca DE HERALDOP ROCHA E JOS\u00c9 CARLOS ALELUIA EM ITAPETINGA\" width=\"500\" height=\"281\" src=\"https:\/\/www.youtube.com\/embed\/zm-l2ycYk4g?feature=oembed\" frameborder=\"0\" allow=\"accelerometer; autoplay; clipboard-write; encrypted-media; gyroscope; picture-in-picture; web-share\" referrerpolicy=\"strict-origin-when-cross-origin\" allowfullscreen><\/iframe><\/p>\n","protected":false},"excerpt":{"rendered":"","protected":false},"author":2,"featured_media":0,"comment_status":"open","ping_status":"open","sticky":false,"template":"","format":"standard","meta":{"footnotes":"","_links_to":"","_links_to_target":""},"categories":[1],"tags":[],"class_list":["post-40249","post","type-post","status-publish","format-standard","hentry","category-geral"],"views":1075,"_links":{"self":[{"href":"https:\/\/www.sudoestehoje.com.br\/novoportal\/wp-json\/wp\/v2\/posts\/40249","targetHints":{"allow":["GET"]}}],"collection":[{"href":"https:\/\/www.sudoestehoje.com.br\/novoportal\/wp-json\/wp\/v2\/posts"}],"about":[{"href":"https:\/\/www.sudoestehoje.com.br\/novoportal\/wp-json\/wp\/v2\/types\/post"}],"author":[{"embeddable":true,"href":"https:\/\/www.sudoestehoje.com.br\/novoportal\/wp-json\/wp\/v2\/users\/2"}],"replies":[{"embeddable":true,"href":"https:\/\/www.sudoestehoje.com.br\/novoportal\/wp-json\/wp\/v2\/comments?post=40249"}],"version-history":[{"count":1,"href":"https:\/\/www.sudoestehoje.com.br\/novoportal\/wp-json\/wp\/v2\/posts\/40249\/revisions"}],"predecessor-version":[{"id":40250,"href":"https:\/\/www.sudoestehoje.com.br\/novoportal\/wp-json\/wp\/v2\/posts\/40249\/revisions\/40250"}],"wp:attachment":[{"href":"https:\/\/www.sudoestehoje.com.br\/novoportal\/wp-json\/wp\/v2\/media?parent=40249"}],"wp:term":[{"taxonomy":"category","embeddable":true,"href":"https:\/\/www.sudoestehoje.com.br\/novoportal\/wp-json\/wp\/v2\/categories?post=40249"},{"taxonomy":"post_tag","embeddable":true,"href":"https:\/\/www.sudoestehoje.com.br\/novoportal\/wp-json\/wp\/v2\/tags?post=40249"}],"curies":[{"name":"wp","href":"https:\/\/api.w.org\/{rel}","templated":true}]}}