
{"id":40213,"date":"2014-08-16T18:28:21","date_gmt":"2014-08-16T21:28:21","guid":{"rendered":"http:\/\/www.sudoestehoje.com.br\/novoportal\/?p=40213"},"modified":"2014-08-17T01:10:10","modified_gmt":"2014-08-17T04:10:10","slug":"psb-vai-honrar-eduardo-campos-com-candidatura-de-lidice","status":"publish","type":"post","link":"https:\/\/www.sudoestehoje.com.br\/novoportal\/2014\/08\/16\/psb-vai-honrar-eduardo-campos-com-candidatura-de-lidice\/","title":{"rendered":"PSB VAI &#8220;HONRAR&#8221; EDUARDO CAMPOS COM CANDIDATURA DE L\u00cdDICE"},"content":{"rendered":"<p style=\"text-align: center;\"><a href=\"http:\/\/www.sudoestehoje.com.br\/novoportal\/wp-content\/uploads\/2014\/08\/CAMPOS-E-LIDICE.jpg\"><img decoding=\"async\" class=\"aligncenter  wp-image-40214\" alt=\"CAMPOS E LIDICE\" src=\"http:\/\/www.sudoestehoje.com.br\/novoportal\/wp-content\/uploads\/2014\/08\/CAMPOS-E-LIDICE-500x288.jpg\" width=\"450\" srcset=\"https:\/\/www.sudoestehoje.com.br\/novoportal\/wp-content\/uploads\/2014\/08\/CAMPOS-E-LIDICE-500x288.jpg 500w, https:\/\/www.sudoestehoje.com.br\/novoportal\/wp-content\/uploads\/2014\/08\/CAMPOS-E-LIDICE.jpg 650w\" sizes=\"(max-width: 500px) 100vw, 500px\" \/><\/a><\/p>\n<p>Se algu\u00e9m acha que a morte de Eduardo Campos vai enfraquecer a candidatura da senadora L\u00eddice da Mata ao governo da Bahia, est\u00e1 enganado; &#8220;Muito pelo contr\u00e1rio, estamos cada vez mais fortes&#8221;, afirma L\u00eddice; ela lamentou que advers\u00e1rios &#8220;venham se aproveitando de um momento como esse para espalhar boatos&#8221; sobre suposta desist\u00eancia, mas jogou \u00e1gua fria nos que torcem por isso; &#8220;Estamos cada vez mais fortes na disposi\u00e7\u00e3o de dar continuidade ao sonho de Eduardo. N\u00e3o vamos desistir do Brasil. N\u00e3o vamos desistir da Bahia&#8221;.<\/p>\n<p>&nbsp;<\/p>\n<p><a href=\"http:\/\/www.sudoestehoje.com.br\/novoportal\/wp-content\/uploads\/2014\/08\/\u00d3TICA-ITAPUAN-BANNER1.jpg\"><img loading=\"lazy\" decoding=\"async\" class=\"aligncenter size-full wp-image-40245\" alt=\"\u00d3TICA-ITAPUAN-BANNER1\" src=\"http:\/\/www.sudoestehoje.com.br\/novoportal\/wp-content\/uploads\/2014\/08\/\u00d3TICA-ITAPUAN-BANNER1.jpg\" width=\"500\" height=\"179\" \/><\/a><\/p>\n","protected":false},"excerpt":{"rendered":"<p>Se algu\u00e9m acha que a morte de Eduardo Campos vai enfraquecer a candidatura da senadora L\u00eddice da Mata ao governo da Bahia, est\u00e1 enganado; &#8220;Muito pelo contr\u00e1rio, estamos cada vez mais fortes&#8221;, afirma L\u00eddice; ela lamentou que advers\u00e1rios &#8220;venham se aproveitando de um momento como esse para espalhar boatos&#8221; sobre suposta desist\u00eancia, mas jogou \u00e1gua [&hellip;]<\/p>\n","protected":false},"author":2,"featured_media":0,"comment_status":"open","ping_status":"open","sticky":false,"template":"","format":"standard","meta":{"footnotes":"","_links_to":"","_links_to_target":""},"categories":[1],"tags":[],"class_list":["post-40213","post","type-post","status-publish","format-standard","hentry","category-geral"],"views":1057,"_links":{"self":[{"href":"https:\/\/www.sudoestehoje.com.br\/novoportal\/wp-json\/wp\/v2\/posts\/40213","targetHints":{"allow":["GET"]}}],"collection":[{"href":"https:\/\/www.sudoestehoje.com.br\/novoportal\/wp-json\/wp\/v2\/posts"}],"about":[{"href":"https:\/\/www.sudoestehoje.com.br\/novoportal\/wp-json\/wp\/v2\/types\/post"}],"author":[{"embeddable":true,"href":"https:\/\/www.sudoestehoje.com.br\/novoportal\/wp-json\/wp\/v2\/users\/2"}],"replies":[{"embeddable":true,"href":"https:\/\/www.sudoestehoje.com.br\/novoportal\/wp-json\/wp\/v2\/comments?post=40213"}],"version-history":[{"count":2,"href":"https:\/\/www.sudoestehoje.com.br\/novoportal\/wp-json\/wp\/v2\/posts\/40213\/revisions"}],"predecessor-version":[{"id":40246,"href":"https:\/\/www.sudoestehoje.com.br\/novoportal\/wp-json\/wp\/v2\/posts\/40213\/revisions\/40246"}],"wp:attachment":[{"href":"https:\/\/www.sudoestehoje.com.br\/novoportal\/wp-json\/wp\/v2\/media?parent=40213"}],"wp:term":[{"taxonomy":"category","embeddable":true,"href":"https:\/\/www.sudoestehoje.com.br\/novoportal\/wp-json\/wp\/v2\/categories?post=40213"},{"taxonomy":"post_tag","embeddable":true,"href":"https:\/\/www.sudoestehoje.com.br\/novoportal\/wp-json\/wp\/v2\/tags?post=40213"}],"curies":[{"name":"wp","href":"https:\/\/api.w.org\/{rel}","templated":true}]}}