
{"id":40208,"date":"2014-08-16T14:28:19","date_gmt":"2014-08-16T17:28:19","guid":{"rendered":"http:\/\/www.sudoestehoje.com.br\/novoportal\/?p=40208"},"modified":"2014-08-17T01:15:36","modified_gmt":"2014-08-17T04:15:36","slug":"psb-sela-acordo-para-lancar-marina-no-lugar-de-eduardo-campos","status":"publish","type":"post","link":"https:\/\/www.sudoestehoje.com.br\/novoportal\/2014\/08\/16\/psb-sela-acordo-para-lancar-marina-no-lugar-de-eduardo-campos\/","title":{"rendered":"PSB SELA ACORDO PARA LAN\u00c7AR MARINA NO LUGAR DE EDUARDO CAMPOS"},"content":{"rendered":"<div id=\"attachment_40209\" style=\"width: 510px\" class=\"wp-caption aligncenter\"><a href=\"http:\/\/www.sudoestehoje.com.br\/novoportal\/wp-content\/uploads\/2014\/08\/PSB.jpeg\"><img loading=\"lazy\" decoding=\"async\" aria-describedby=\"caption-attachment-40209\" class=\"size-medium wp-image-40209\" alt=\"C\u00fapula do PSB superou as diverg\u00eancias e vai ratificar candidatura de Marina Silva \u00e0 presid\u00eancia da rep\u00fablica.\" src=\"http:\/\/www.sudoestehoje.com.br\/novoportal\/wp-content\/uploads\/2014\/08\/PSB-500x333.jpeg\" width=\"500\" height=\"333\" srcset=\"https:\/\/www.sudoestehoje.com.br\/novoportal\/wp-content\/uploads\/2014\/08\/PSB-500x333.jpeg 500w, https:\/\/www.sudoestehoje.com.br\/novoportal\/wp-content\/uploads\/2014\/08\/PSB.jpeg 635w\" sizes=\"auto, (max-width: 500px) 100vw, 500px\" \/><\/a><p id=\"caption-attachment-40209\" class=\"wp-caption-text\">C\u00fapula do PSB superou as diverg\u00eancias e vai ratificar candidatura de Marina Silva \u00e0 presid\u00eancia da rep\u00fablica. Foto Folha de S\u00e3o Paulo<\/p><\/div>\n<p>O PSB superou as diverg\u00eancias internas e selou acordo para lan\u00e7ar Marina Silva \u00e0 Presid\u00eancia da Rep\u00fablica no lugar de Eduardo Campos. Ela concordou com a invers\u00e3o da chapa e dever\u00e1 ser anunciada oficialmente na pr\u00f3xima quarta-feira (20).\u00a0O novo presidente do PSB, Roberto Amaral, era visto como \u00faltimo entrave ao acerto. Sob forte press\u00e3o de correligion\u00e1rios, ele se convenceu a apoiar Marina, que disputou o Planalto em 2010 pelo PV.<\/p>\n<p><img decoding=\"async\" class=\"aligncenter\" alt=\"Marina Silva acena como candidata a vice-presidente pelo PSB na chapa de Eduardo Campos, em Bras\u00edlia\" src=\"http:\/\/veja2.abrilm.com.br\/assets\/images\/2014\/4\/216554\/brasil-eleicoes-psb-eduardo-campos-marina-silva-20140414-003-size-598.JPG?1397624073\" width=\"500\" \/><\/p>\n<p>O PSB agora discutir\u00e1 a indica\u00e7\u00e3o do novo vice na chapa presidencial. O deputado ga\u00facho Beto Albuquerque, hoje candidato ao Senado, \u00e9 o mais cotado para a vaga.&#8221;A candidatura de Marina contempla nosso projeto. Ser\u00e1 uma solu\u00e7\u00e3o de continuidade. O PSB indicar\u00e1 o novo vice&#8221;, disse Amaral \u00e0\u00a0<b>Folha<\/b>.<\/p>\n<p><!--more--><\/p>\n<p>Depois de uma reuni\u00e3o com Marina, o coordenador da Rede Sustentabilidade, Bazileu Margarido, confirmou \u00e0 reportagem que ela aceita disputar a Presid\u00eancia.\u00a0&#8220;Com o OK do PSB, ela est\u00e1 \u00e0 disposi\u00e7\u00e3o para ser a candidata&#8221;, disse.\u00a0Por respeito \u00e0 mem\u00f3ria de Campos, o an\u00fancio oficial da nova chapa s\u00f3 dever\u00e1 ser feito tr\u00eas dias depois do enterro, programado para o domingo (17), em reuni\u00e3o da executiva nacional do PSB.<\/p>\n<p>A negocia\u00e7\u00e3o se acelerou ap\u00f3s Marina receber apoio p\u00fablico da fam\u00edlia do ex-governador de Pernambuco. Segundo aliados, ela se sentiu revigorada ao conversar com a vi\u00fava Renata Campos, que a incentivou a concorrer.\u00a0Ex-ministro da Ci\u00eancia e Tecnologia no governo Lula e considerado pr\u00f3ximo ao PT, Roberto Amaral visitou Marina na tarde desta sexta (15). Com seu aval, come\u00e7ou a consultar os governadores do PSB sobre a invers\u00e3o da chapa.<\/p>\n<p>Ele quer dar car\u00e1ter coletivo \u00e0 decis\u00e3o e agora buscar\u00e1 entendimento sobre o vice at\u00e9 a reuni\u00e3o da executiva. &#8220;Vou fazer um trabalho de afunilamento. O ideal \u00e9 chegar com dois nomes. Ou um&#8221;, disse.\u00a0Al\u00e9m de Albuquerque, que se aproximou de Marina desde que ela aderiu \u00e0 candidatura de Campos, s\u00e3o vistos como alternativas o deputado J\u00falio Delgado (PSB-MG), o ex-deputado Maur\u00edcio Rands (PSB-PE) e Fernando Bezerra Coelho (PSB-PE), ex-ministro da Integra\u00e7\u00e3o Nacional no governo Dilma Rousseff.<\/p>\n<p>Marina sinalizou ao PSB que respeitar\u00e1 as duas principais exig\u00eancias do partido: respeitar os acordos regionais fechados \u00e0 sua revelia, em Estados como Rio e S\u00e3o Paulo, e incorporar o discurso desenvolvimentista.\u00a0A ex-senadora disse a pessoas pr\u00f3ximas que pretende conduzir a campanha da mesma forma que Campos a conduziria, atuando como l\u00edder de uma coliga\u00e7\u00e3o, e n\u00e3o apenas da Rede, o futuro partido que ela quer criar.<\/p>\n<p>Embora tenha se recusado a falar publicamente sobre pol\u00edtica, em respeito ao luto pelo ex-governador, repetiu a aliados que era preciso manter o projeto da chapa.\u00a0Ela disse que o PSB foi generoso ao abrigar a Rede em 2013, quando a Justi\u00e7a Eleitoral negou registro ao partido, e agora \u00e9 a hora de retribuir.<\/p>\n<p>&nbsp;<\/p>\n<p><a href=\"http:\/\/www.sudoestehoje.com.br\/novoportal\/wp-content\/uploads\/2014\/08\/subway-banner1.jpg\"><img loading=\"lazy\" decoding=\"async\" class=\"aligncenter size-medium wp-image-40247\" alt=\"subway banner\" src=\"http:\/\/www.sudoestehoje.com.br\/novoportal\/wp-content\/uploads\/2014\/08\/subway-banner1-500x179.jpg\" width=\"500\" height=\"179\" srcset=\"https:\/\/www.sudoestehoje.com.br\/novoportal\/wp-content\/uploads\/2014\/08\/subway-banner1-500x179.jpg 500w, https:\/\/www.sudoestehoje.com.br\/novoportal\/wp-content\/uploads\/2014\/08\/subway-banner1-700x251.jpg 700w, https:\/\/www.sudoestehoje.com.br\/novoportal\/wp-content\/uploads\/2014\/08\/subway-banner1.jpg 796w\" sizes=\"auto, (max-width: 500px) 100vw, 500px\" \/><\/a><\/p>\n","protected":false},"excerpt":{"rendered":"<p>O PSB superou as diverg\u00eancias internas e selou acordo para lan\u00e7ar Marina Silva \u00e0 Presid\u00eancia da Rep\u00fablica no lugar de Eduardo Campos. Ela concordou com a invers\u00e3o da chapa e dever\u00e1 ser anunciada oficialmente na pr\u00f3xima quarta-feira (20).\u00a0O novo presidente do PSB, Roberto Amaral, era visto como \u00faltimo entrave ao acerto. Sob forte press\u00e3o de [&hellip;]<\/p>\n","protected":false},"author":2,"featured_media":0,"comment_status":"open","ping_status":"open","sticky":false,"template":"","format":"standard","meta":{"footnotes":"","_links_to":"","_links_to_target":""},"categories":[1],"tags":[],"class_list":["post-40208","post","type-post","status-publish","format-standard","hentry","category-geral"],"views":1113,"_links":{"self":[{"href":"https:\/\/www.sudoestehoje.com.br\/novoportal\/wp-json\/wp\/v2\/posts\/40208","targetHints":{"allow":["GET"]}}],"collection":[{"href":"https:\/\/www.sudoestehoje.com.br\/novoportal\/wp-json\/wp\/v2\/posts"}],"about":[{"href":"https:\/\/www.sudoestehoje.com.br\/novoportal\/wp-json\/wp\/v2\/types\/post"}],"author":[{"embeddable":true,"href":"https:\/\/www.sudoestehoje.com.br\/novoportal\/wp-json\/wp\/v2\/users\/2"}],"replies":[{"embeddable":true,"href":"https:\/\/www.sudoestehoje.com.br\/novoportal\/wp-json\/wp\/v2\/comments?post=40208"}],"version-history":[{"count":4,"href":"https:\/\/www.sudoestehoje.com.br\/novoportal\/wp-json\/wp\/v2\/posts\/40208\/revisions"}],"predecessor-version":[{"id":40248,"href":"https:\/\/www.sudoestehoje.com.br\/novoportal\/wp-json\/wp\/v2\/posts\/40208\/revisions\/40248"}],"wp:attachment":[{"href":"https:\/\/www.sudoestehoje.com.br\/novoportal\/wp-json\/wp\/v2\/media?parent=40208"}],"wp:term":[{"taxonomy":"category","embeddable":true,"href":"https:\/\/www.sudoestehoje.com.br\/novoportal\/wp-json\/wp\/v2\/categories?post=40208"},{"taxonomy":"post_tag","embeddable":true,"href":"https:\/\/www.sudoestehoje.com.br\/novoportal\/wp-json\/wp\/v2\/tags?post=40208"}],"curies":[{"name":"wp","href":"https:\/\/api.w.org\/{rel}","templated":true}]}}